{"id":1498,"date":"2017-08-19T21:31:01","date_gmt":"2017-08-19T19:31:01","guid":{"rendered":"http:\/\/szentistvan.dnyem.hu\/?p=1498"},"modified":"2017-08-19T21:31:43","modified_gmt":"2017-08-19T19:31:43","slug":"szentsegimadas-csaladjainkert","status":"publish","type":"post","link":"https:\/\/szentistvan.dnyem.hu\/?p=1498","title":{"rendered":"Szents\u00e9gim\u00e1d\u00e1s csal\u00e1djaink\u00e9rt"},"content":{"rendered":"<p><strong>Ezen a h\u00e9ten, cs\u00fct\u00f6rt\u00f6k\u00f6n (augusztus 24-\u00e9n) este, 18:00-kor kiv\u00e9telesen nem lesz templomunkban szentmise, de a szents\u00e9gim\u00e1d\u00e1si \u00f3ra meg lesz tartva, melyet a csal\u00e1djaink\u00e9rt aj\u00e1nlunk fel.<\/strong><\/p>\n<p>Szeretettel buzd\u00edtom a kedves Testv\u00e9reket, hogy min\u00e9l t\u00f6bben <strong>vegy\u00fcnk r\u00e9szt a szents\u00e9gim\u00e1d\u00e1si \u00f3r\u00e1n, im\u00e1dkozzunk csal\u00e1djaink\u00e9rt.<\/strong><\/p>\n","protected":false},"excerpt":{"rendered":"<p>Ezen a h\u00e9ten, cs\u00fct\u00f6rt\u00f6k\u00f6n (augusztus 24-\u00e9n) este, 18:00-kor kiv\u00e9telesen nem lesz templomunkban szentmise, de a szents\u00e9gim\u00e1d\u00e1si \u00f3ra meg lesz tartva, melyet a csal\u00e1djaink\u00e9rt aj\u00e1nlunk fel&#8230;.<\/p>\n","protected":false},"author":2,"featured_media":0,"comment_status":"closed","ping_status":"open","sticky":false,"template":"","format":"standard","meta":[],"categories":[2],"tags":[],"_links":{"self":[{"href":"https:\/\/szentistvan.dnyem.hu\/index.php?rest_route=\/wp\/v2\/posts\/1498"}],"collection":[{"href":"https:\/\/szentistvan.dnyem.hu\/index.php?rest_route=\/wp\/v2\/posts"}],"about":[{"href":"https:\/\/szentistvan.dnyem.hu\/index.php?rest_route=\/wp\/v2\/types\/post"}],"author":[{"embeddable":true,"href":"https:\/\/szentistvan.dnyem.hu\/index.php?rest_route=\/wp\/v2\/users\/2"}],"replies":[{"embeddable":true,"href":"https:\/\/szentistvan.dnyem.hu\/index.php?rest_route=%2Fwp%2Fv2%2Fcomments&post=1498"}],"version-history":[{"count":2,"href":"https:\/\/szentistvan.dnyem.hu\/index.php?rest_route=\/wp\/v2\/posts\/1498\/revisions"}],"predecessor-version":[{"id":1500,"href":"https:\/\/szentistvan.dnyem.hu\/index.php?rest_route=\/wp\/v2\/posts\/1498\/revisions\/1500"}],"wp:attachment":[{"href":"https:\/\/szentistvan.dnyem.hu\/index.php?rest_route=%2Fwp%2Fv2%2Fmedia&parent=1498"}],"wp:term":[{"taxonomy":"category","embeddable":true,"href":"https:\/\/szentistvan.dnyem.hu\/index.php?rest_route=%2Fwp%2Fv2%2Fcategories&post=1498"},{"taxonomy":"post_tag","embeddable":true,"href":"https:\/\/szentistvan.dnyem.hu\/index.php?rest_route=%2Fwp%2Fv2%2Ftags&post=1498"}],"curies":[{"name":"wp","href":"https:\/\/api.w.org\/{rel}","templated":true}]}}