{"id":1490,"date":"2017-08-12T22:04:16","date_gmt":"2017-08-12T20:04:16","guid":{"rendered":"http:\/\/szentistvan.dnyem.hu\/?p=1490"},"modified":"2017-08-12T22:04:16","modified_gmt":"2017-08-12T20:04:16","slug":"koncert-a-szent-anna-szekesegyhazban","status":"publish","type":"post","link":"https:\/\/szentistvan.dnyem.hu\/?p=1490","title":{"rendered":"Koncert a Szent Anna Sz\u00e9kesegyh\u00e1zban"},"content":{"rendered":"<p>A Filharm\u00f3nia Magyarorsz\u00e1g szervez\u00e9s\u00e9ben,<\/p>\n<p><strong>2017. augusztus 15-\u00e9n, 19:30-t\u00f3l <\/strong><\/p>\n<p><strong>M\u00e9sz\u00e1ros Zsolt M\u00e1t\u00e9 \u00e9s a Budapesti Tomkins \u00c9nekegy\u00fcttes<\/strong><\/p>\n<p>k\u00f6z\u00f6s koncertet ad a debreceni Szent Anna Sz\u00e9kesegyh\u00e1zban.<\/p>\n<p><strong>A hangversenyre a debreceni \u00e9s k\u00f6rny\u00e9ki r\u00f3mai katolikus egyh\u00e1zk\u00f6zs\u00e9gek sz\u00e1m\u00e1ra 50% kedvezm\u00e9nyt biztos\u00edtanak, melynek keret\u00e9ben 1 db. teljes \u00e1r\u00fa jegy megv\u00e1s\u00e1rl\u00e1s\u00e1val 2 szem\u00e9ly l\u00e9phet be. (950 Ft\/f\u0151).<\/strong><\/p>\n<p>A kedvezm\u00e9ny ig\u00e9nybev\u00e9tel\u00e9nek felt\u00e9tele az el\u0151zetes regisztr\u00e1ci\u00f3 a Szent Anna pl\u00e9b\u00e1ni\u00e1n, vagy az al\u00e1bbi telefonsz\u00e1mon: 06\/20 289-55-97<\/p>\n","protected":false},"excerpt":{"rendered":"<p>A Filharm\u00f3nia Magyarorsz\u00e1g szervez\u00e9s\u00e9ben, 2017. augusztus 15-\u00e9n, 19:30-t\u00f3l M\u00e9sz\u00e1ros Zsolt M\u00e1t\u00e9 \u00e9s a Budapesti Tomkins \u00c9nekegy\u00fcttes k\u00f6z\u00f6s koncertet ad a debreceni Szent Anna Sz\u00e9kesegyh\u00e1zban. A&#8230;<\/p>\n","protected":false},"author":2,"featured_media":0,"comment_status":"closed","ping_status":"open","sticky":false,"template":"","format":"standard","meta":[],"categories":[2],"tags":[],"_links":{"self":[{"href":"https:\/\/szentistvan.dnyem.hu\/index.php?rest_route=\/wp\/v2\/posts\/1490"}],"collection":[{"href":"https:\/\/szentistvan.dnyem.hu\/index.php?rest_route=\/wp\/v2\/posts"}],"about":[{"href":"https:\/\/szentistvan.dnyem.hu\/index.php?rest_route=\/wp\/v2\/types\/post"}],"author":[{"embeddable":true,"href":"https:\/\/szentistvan.dnyem.hu\/index.php?rest_route=\/wp\/v2\/users\/2"}],"replies":[{"embeddable":true,"href":"https:\/\/szentistvan.dnyem.hu\/index.php?rest_route=%2Fwp%2Fv2%2Fcomments&post=1490"}],"version-history":[{"count":1,"href":"https:\/\/szentistvan.dnyem.hu\/index.php?rest_route=\/wp\/v2\/posts\/1490\/revisions"}],"predecessor-version":[{"id":1491,"href":"https:\/\/szentistvan.dnyem.hu\/index.php?rest_route=\/wp\/v2\/posts\/1490\/revisions\/1491"}],"wp:attachment":[{"href":"https:\/\/szentistvan.dnyem.hu\/index.php?rest_route=%2Fwp%2Fv2%2Fmedia&parent=1490"}],"wp:term":[{"taxonomy":"category","embeddable":true,"href":"https:\/\/szentistvan.dnyem.hu\/index.php?rest_route=%2Fwp%2Fv2%2Fcategories&post=1490"},{"taxonomy":"post_tag","embeddable":true,"href":"https:\/\/szentistvan.dnyem.hu\/index.php?rest_route=%2Fwp%2Fv2%2Ftags&post=1490"}],"curies":[{"name":"wp","href":"https:\/\/api.w.org\/{rel}","templated":true}]}}