{"id":1488,"date":"2017-08-12T22:01:25","date_gmt":"2017-08-12T20:01:25","guid":{"rendered":"http:\/\/szentistvan.dnyem.hu\/?p=1488"},"modified":"2017-08-12T22:01:25","modified_gmt":"2017-08-12T20:01:25","slug":"kepviselotestuleti-gyules-8","status":"publish","type":"post","link":"https:\/\/szentistvan.dnyem.hu\/?p=1488","title":{"rendered":"K\u00e9pvisel\u0151test\u00fcleti gy\u0171l\u00e9s"},"content":{"rendered":"<p><strong>K\u00e9pvisel\u0151test\u00fcleti gy\u0171l\u00e9s lesz cs\u00fct\u00f6rt\u00f6k\u00f6n (augusztus 17-\u00e9n), a pl\u00e9b\u00e1ni\u00e1n, az esti szentmis\u00e9t k\u00f6vet\u0151en,<\/strong> szeretettel h\u00edvom \u00e9s v\u00e1rom a test\u00fcleti tagokat.<\/p>\n<p><strong>A szents\u00e9gim\u00e1d\u00e1s ez\u00e9rt, a szentmise el\u0151tt, 17:00-t\u00f3l kezd\u0151dik.<\/strong><\/p>\n","protected":false},"excerpt":{"rendered":"<p>K\u00e9pvisel\u0151test\u00fcleti gy\u0171l\u00e9s lesz cs\u00fct\u00f6rt\u00f6k\u00f6n (augusztus 17-\u00e9n), a pl\u00e9b\u00e1ni\u00e1n, az esti szentmis\u00e9t k\u00f6vet\u0151en, szeretettel h\u00edvom \u00e9s v\u00e1rom a test\u00fcleti tagokat. A szents\u00e9gim\u00e1d\u00e1s ez\u00e9rt, a szentmise el\u0151tt,&#8230;<\/p>\n","protected":false},"author":2,"featured_media":0,"comment_status":"closed","ping_status":"open","sticky":false,"template":"","format":"standard","meta":[],"categories":[2],"tags":[],"_links":{"self":[{"href":"https:\/\/szentistvan.dnyem.hu\/index.php?rest_route=\/wp\/v2\/posts\/1488"}],"collection":[{"href":"https:\/\/szentistvan.dnyem.hu\/index.php?rest_route=\/wp\/v2\/posts"}],"about":[{"href":"https:\/\/szentistvan.dnyem.hu\/index.php?rest_route=\/wp\/v2\/types\/post"}],"author":[{"embeddable":true,"href":"https:\/\/szentistvan.dnyem.hu\/index.php?rest_route=\/wp\/v2\/users\/2"}],"replies":[{"embeddable":true,"href":"https:\/\/szentistvan.dnyem.hu\/index.php?rest_route=%2Fwp%2Fv2%2Fcomments&post=1488"}],"version-history":[{"count":1,"href":"https:\/\/szentistvan.dnyem.hu\/index.php?rest_route=\/wp\/v2\/posts\/1488\/revisions"}],"predecessor-version":[{"id":1489,"href":"https:\/\/szentistvan.dnyem.hu\/index.php?rest_route=\/wp\/v2\/posts\/1488\/revisions\/1489"}],"wp:attachment":[{"href":"https:\/\/szentistvan.dnyem.hu\/index.php?rest_route=%2Fwp%2Fv2%2Fmedia&parent=1488"}],"wp:term":[{"taxonomy":"category","embeddable":true,"href":"https:\/\/szentistvan.dnyem.hu\/index.php?rest_route=%2Fwp%2Fv2%2Fcategories&post=1488"},{"taxonomy":"post_tag","embeddable":true,"href":"https:\/\/szentistvan.dnyem.hu\/index.php?rest_route=%2Fwp%2Fv2%2Ftags&post=1488"}],"curies":[{"name":"wp","href":"https:\/\/api.w.org\/{rel}","templated":true}]}}