{"id":1479,"date":"2017-08-05T16:23:42","date_gmt":"2017-08-05T14:23:42","guid":{"rendered":"http:\/\/szentistvan.dnyem.hu\/?p=1479"},"modified":"2017-08-05T16:23:42","modified_gmt":"2017-08-05T14:23:42","slug":"konyorges-jezus-szinevaltozasanak-unnepen","status":"publish","type":"post","link":"https:\/\/szentistvan.dnyem.hu\/?p=1479","title":{"rendered":"K\u00f6ny\u00f6rg\u00e9s J\u00e9zus sz\u00ednev\u00e1ltoz\u00e1s\u00e1nak \u00fcnnep\u00e9n"},"content":{"rendered":"<p>Isten\u00fcnk, te egysz\u00fcl\u00f6tt Fiad dics\u0151s\u00e9ges sz\u00ednev\u00e1ltoz\u00e1sakor M\u00f3zes \u00e9s Ill\u00e9s tan\u00fas\u00e1gt\u00e9tel\u00e9vel er\u0151s\u00edtetted meg hit\u00fcnk szent titkait, \u00e9s csod\u00e1latos rem\u00e9nys\u00e9get ny\u00fajtott\u00e1l, hogy gyermekeidd\u00e9 fogadsz minket. Add meg nek\u00fcnk, hogy szeretett Fiad szav\u00e1ra hallgatva t\u00e1rs\u00f6r\u00f6k\u00f6sei lehess\u00fcnk Krisztusnak. Aki veled \u00e9l \u00e9s uralkodik a Szentl\u00e9lekkel egys\u00e9gben, Isten mind\u00f6r\u00f6kk\u00f6n-\u00f6r\u00f6kk\u00e9.<\/p>\n<h2>Isten \u00e1ld\u00e1sa k\u00eds\u00e9rje \u00e9let\u00fcnket!<\/h2>\n","protected":false},"excerpt":{"rendered":"<p>Isten\u00fcnk, te egysz\u00fcl\u00f6tt Fiad dics\u0151s\u00e9ges sz\u00ednev\u00e1ltoz\u00e1sakor M\u00f3zes \u00e9s Ill\u00e9s tan\u00fas\u00e1gt\u00e9tel\u00e9vel er\u0151s\u00edtetted meg hit\u00fcnk szent titkait, \u00e9s csod\u00e1latos rem\u00e9nys\u00e9get ny\u00fajtott\u00e1l, hogy gyermekeidd\u00e9 fogadsz minket. Add meg&#8230;<\/p>\n","protected":false},"author":2,"featured_media":0,"comment_status":"closed","ping_status":"open","sticky":false,"template":"","format":"standard","meta":[],"categories":[1],"tags":[],"_links":{"self":[{"href":"https:\/\/szentistvan.dnyem.hu\/index.php?rest_route=\/wp\/v2\/posts\/1479"}],"collection":[{"href":"https:\/\/szentistvan.dnyem.hu\/index.php?rest_route=\/wp\/v2\/posts"}],"about":[{"href":"https:\/\/szentistvan.dnyem.hu\/index.php?rest_route=\/wp\/v2\/types\/post"}],"author":[{"embeddable":true,"href":"https:\/\/szentistvan.dnyem.hu\/index.php?rest_route=\/wp\/v2\/users\/2"}],"replies":[{"embeddable":true,"href":"https:\/\/szentistvan.dnyem.hu\/index.php?rest_route=%2Fwp%2Fv2%2Fcomments&post=1479"}],"version-history":[{"count":1,"href":"https:\/\/szentistvan.dnyem.hu\/index.php?rest_route=\/wp\/v2\/posts\/1479\/revisions"}],"predecessor-version":[{"id":1480,"href":"https:\/\/szentistvan.dnyem.hu\/index.php?rest_route=\/wp\/v2\/posts\/1479\/revisions\/1480"}],"wp:attachment":[{"href":"https:\/\/szentistvan.dnyem.hu\/index.php?rest_route=%2Fwp%2Fv2%2Fmedia&parent=1479"}],"wp:term":[{"taxonomy":"category","embeddable":true,"href":"https:\/\/szentistvan.dnyem.hu\/index.php?rest_route=%2Fwp%2Fv2%2Fcategories&post=1479"},{"taxonomy":"post_tag","embeddable":true,"href":"https:\/\/szentistvan.dnyem.hu\/index.php?rest_route=%2Fwp%2Fv2%2Ftags&post=1479"}],"curies":[{"name":"wp","href":"https:\/\/api.w.org\/{rel}","templated":true}]}}