{"id":1477,"date":"2017-08-05T16:21:59","date_gmt":"2017-08-05T14:21:59","guid":{"rendered":"http:\/\/szentistvan.dnyem.hu\/?p=1477"},"modified":"2017-08-05T16:21:59","modified_gmt":"2017-08-05T14:21:59","slug":"valtozas-a-miserendben","status":"publish","type":"post","link":"https:\/\/szentistvan.dnyem.hu\/?p=1477","title":{"rendered":"V\u00e1ltoz\u00e1s a miserendben"},"content":{"rendered":"<p><strong>Szombat este 18:00 helyett, reggel: 7:00-kor lesz a szentmise.<\/strong> A t\u00f6bbi szentmise id\u0151pontja (<strong>kedd \u00e9s cs\u00fct\u00f6rt\u00f6k 18:00, szerda \u00e9s p\u00e9ntek 07:00, vas\u00e1rnap 09:30<\/strong>) nem v\u00e1ltozik.<\/p>\n","protected":false},"excerpt":{"rendered":"<p>Szombat este 18:00 helyett, reggel: 7:00-kor lesz a szentmise. A t\u00f6bbi szentmise id\u0151pontja (kedd \u00e9s cs\u00fct\u00f6rt\u00f6k 18:00, szerda \u00e9s p\u00e9ntek 07:00, vas\u00e1rnap 09:30) nem v\u00e1ltozik.<\/p>\n","protected":false},"author":2,"featured_media":0,"comment_status":"closed","ping_status":"open","sticky":false,"template":"","format":"standard","meta":[],"categories":[1,2],"tags":[],"_links":{"self":[{"href":"https:\/\/szentistvan.dnyem.hu\/index.php?rest_route=\/wp\/v2\/posts\/1477"}],"collection":[{"href":"https:\/\/szentistvan.dnyem.hu\/index.php?rest_route=\/wp\/v2\/posts"}],"about":[{"href":"https:\/\/szentistvan.dnyem.hu\/index.php?rest_route=\/wp\/v2\/types\/post"}],"author":[{"embeddable":true,"href":"https:\/\/szentistvan.dnyem.hu\/index.php?rest_route=\/wp\/v2\/users\/2"}],"replies":[{"embeddable":true,"href":"https:\/\/szentistvan.dnyem.hu\/index.php?rest_route=%2Fwp%2Fv2%2Fcomments&post=1477"}],"version-history":[{"count":1,"href":"https:\/\/szentistvan.dnyem.hu\/index.php?rest_route=\/wp\/v2\/posts\/1477\/revisions"}],"predecessor-version":[{"id":1478,"href":"https:\/\/szentistvan.dnyem.hu\/index.php?rest_route=\/wp\/v2\/posts\/1477\/revisions\/1478"}],"wp:attachment":[{"href":"https:\/\/szentistvan.dnyem.hu\/index.php?rest_route=%2Fwp%2Fv2%2Fmedia&parent=1477"}],"wp:term":[{"taxonomy":"category","embeddable":true,"href":"https:\/\/szentistvan.dnyem.hu\/index.php?rest_route=%2Fwp%2Fv2%2Fcategories&post=1477"},{"taxonomy":"post_tag","embeddable":true,"href":"https:\/\/szentistvan.dnyem.hu\/index.php?rest_route=%2Fwp%2Fv2%2Ftags&post=1477"}],"curies":[{"name":"wp","href":"https:\/\/api.w.org\/{rel}","templated":true}]}}