{"id":1475,"date":"2017-08-05T16:19:32","date_gmt":"2017-08-05T14:19:32","guid":{"rendered":"http:\/\/szentistvan.dnyem.hu\/?p=1475"},"modified":"2017-08-12T21:56:41","modified_gmt":"2017-08-12T19:56:41","slug":"templombucsunk-unnepenek-programja","status":"publish","type":"post","link":"https:\/\/szentistvan.dnyem.hu\/?p=1475","title":{"rendered":"Templomb\u00facs\u00fank \u00fcnnep\u00e9nek programja"},"content":{"rendered":"<h4 style=\"text-align: center;\"><strong>Augusztus 19. (szombat)<\/strong><\/h4>\n<p><strong>08.00: szentmise, azt k\u00f6vet\u0151en 18.00-ig szents\u00e9gim\u00e1d\u00e1s<\/strong><\/p>\n<ul>\n<li>A szents\u00e9gim\u00e1d\u00e1si \u00f3r\u00e1khoz m\u00e1r most a mise v\u00e9g\u00e9n feliratkozhatnak a kedves testv\u00e9rek!<\/li>\n<\/ul>\n<p><strong>18.00 Szent Istv\u00e1n \u00fcnnepi esti dics\u00e9ret<\/strong> (\u00e9nekes vesper\u00e1s).<\/p>\n<h4 style=\"text-align: center;\"><strong>Augusztus 20. (vas\u00e1rnap)<\/strong><\/h4>\n<p><strong>16.00: r\u00f3zsaf\u00fcz\u00e9r-im\u00e1dkoz\u00e1s<\/strong><\/p>\n<p><strong>16.30 \u00fcnnepi szentmise<\/strong><\/p>\n<ul>\n<li>A mise v\u00e9g\u00e9n Szent Istv\u00e1n szobr\u00e1nak megkoszor\u00faz\u00e1sa, \u00faj keny\u00e9r meg\u00e1ld\u00e1sa, majd agap\u00e9 a templomkertben, amelyre \u00e9des, illetve s\u00f3s s\u00fctem\u00e9nyeket szeretettel fogadunk.<\/li>\n<\/ul>\n","protected":false},"excerpt":{"rendered":"<p>Augusztus 19. (szombat) 08.00: szentmise, azt k\u00f6vet\u0151en 18.00-ig szents\u00e9gim\u00e1d\u00e1s A szents\u00e9gim\u00e1d\u00e1si \u00f3r\u00e1khoz m\u00e1r most a mise v\u00e9g\u00e9n feliratkozhatnak a kedves testv\u00e9rek! 18.00 Szent Istv\u00e1n \u00fcnnepi&#8230;<\/p>\n","protected":false},"author":2,"featured_media":0,"comment_status":"closed","ping_status":"open","sticky":false,"template":"","format":"standard","meta":[],"categories":[2],"tags":[],"_links":{"self":[{"href":"https:\/\/szentistvan.dnyem.hu\/index.php?rest_route=\/wp\/v2\/posts\/1475"}],"collection":[{"href":"https:\/\/szentistvan.dnyem.hu\/index.php?rest_route=\/wp\/v2\/posts"}],"about":[{"href":"https:\/\/szentistvan.dnyem.hu\/index.php?rest_route=\/wp\/v2\/types\/post"}],"author":[{"embeddable":true,"href":"https:\/\/szentistvan.dnyem.hu\/index.php?rest_route=\/wp\/v2\/users\/2"}],"replies":[{"embeddable":true,"href":"https:\/\/szentistvan.dnyem.hu\/index.php?rest_route=%2Fwp%2Fv2%2Fcomments&post=1475"}],"version-history":[{"count":3,"href":"https:\/\/szentistvan.dnyem.hu\/index.php?rest_route=\/wp\/v2\/posts\/1475\/revisions"}],"predecessor-version":[{"id":1484,"href":"https:\/\/szentistvan.dnyem.hu\/index.php?rest_route=\/wp\/v2\/posts\/1475\/revisions\/1484"}],"wp:attachment":[{"href":"https:\/\/szentistvan.dnyem.hu\/index.php?rest_route=%2Fwp%2Fv2%2Fmedia&parent=1475"}],"wp:term":[{"taxonomy":"category","embeddable":true,"href":"https:\/\/szentistvan.dnyem.hu\/index.php?rest_route=%2Fwp%2Fv2%2Fcategories&post=1475"},{"taxonomy":"post_tag","embeddable":true,"href":"https:\/\/szentistvan.dnyem.hu\/index.php?rest_route=%2Fwp%2Fv2%2Ftags&post=1475"}],"curies":[{"name":"wp","href":"https:\/\/api.w.org\/{rel}","templated":true}]}}