{"id":1466,"date":"2017-07-30T15:05:56","date_gmt":"2017-07-30T13:05:56","guid":{"rendered":"http:\/\/szentistvan.dnyem.hu\/?p=1466"},"modified":"2017-07-30T15:06:16","modified_gmt":"2017-07-30T13:06:16","slug":"bancsi-zoltan-egyhazkozsegunk-plebaniai-kormanyzoja-bekoszono-szentmiseje","status":"publish","type":"post","link":"https:\/\/szentistvan.dnyem.hu\/?p=1466","title":{"rendered":"Bancsi Zolt\u00e1n, egyh\u00e1zk\u00f6zs\u00e9g\u00fcnk pl\u00e9b\u00e1niai korm\u00e1nyz\u00f3ja bek\u00f6sz\u00f6n\u0151 szentmis\u00e9je"},"content":{"rendered":"<p>F\u0151tisztelend\u0151 Bancsi Zolt\u00e1n, egyh\u00e1zk\u00f6zs\u00e9g\u00fcnk pl\u00e9b\u00e1niai korm\u00e1nyz\u00f3ja bek\u00f6sz\u00f6n\u0151 szentmis\u00e9j\u00e9t <strong>augusztus 6-\u00e1n, vas\u00e1rnap<\/strong> tartja.<\/p>\n<p>Isten hozta k\u00f6z\u00e9nk!<\/p>\n<p>K\u00edv\u00e1njuk, hogy \u00e9rezze j\u00f3l mag\u00e1t n\u00e1lunk, \u00e9s itteni szolg\u00e1lata seg\u00edtse egyh\u00e1zk\u00f6zs\u00e9g\u00fcnk tov\u00e1bbi gyarapod\u00e1s\u00e1t lelkiekben \u00e9s anyagiakban.<\/p>\n","protected":false},"excerpt":{"rendered":"<p>F\u0151tisztelend\u0151 Bancsi Zolt\u00e1n, egyh\u00e1zk\u00f6zs\u00e9g\u00fcnk pl\u00e9b\u00e1niai korm\u00e1nyz\u00f3ja bek\u00f6sz\u00f6n\u0151 szentmis\u00e9j\u00e9t augusztus 6-\u00e1n, vas\u00e1rnap tartja. Isten hozta k\u00f6z\u00e9nk! K\u00edv\u00e1njuk, hogy \u00e9rezze j\u00f3l mag\u00e1t n\u00e1lunk, \u00e9s itteni szolg\u00e1lata seg\u00edtse&#8230;<\/p>\n","protected":false},"author":2,"featured_media":0,"comment_status":"closed","ping_status":"open","sticky":false,"template":"","format":"standard","meta":[],"categories":[2],"tags":[],"_links":{"self":[{"href":"https:\/\/szentistvan.dnyem.hu\/index.php?rest_route=\/wp\/v2\/posts\/1466"}],"collection":[{"href":"https:\/\/szentistvan.dnyem.hu\/index.php?rest_route=\/wp\/v2\/posts"}],"about":[{"href":"https:\/\/szentistvan.dnyem.hu\/index.php?rest_route=\/wp\/v2\/types\/post"}],"author":[{"embeddable":true,"href":"https:\/\/szentistvan.dnyem.hu\/index.php?rest_route=\/wp\/v2\/users\/2"}],"replies":[{"embeddable":true,"href":"https:\/\/szentistvan.dnyem.hu\/index.php?rest_route=%2Fwp%2Fv2%2Fcomments&post=1466"}],"version-history":[{"count":2,"href":"https:\/\/szentistvan.dnyem.hu\/index.php?rest_route=\/wp\/v2\/posts\/1466\/revisions"}],"predecessor-version":[{"id":1468,"href":"https:\/\/szentistvan.dnyem.hu\/index.php?rest_route=\/wp\/v2\/posts\/1466\/revisions\/1468"}],"wp:attachment":[{"href":"https:\/\/szentistvan.dnyem.hu\/index.php?rest_route=%2Fwp%2Fv2%2Fmedia&parent=1466"}],"wp:term":[{"taxonomy":"category","embeddable":true,"href":"https:\/\/szentistvan.dnyem.hu\/index.php?rest_route=%2Fwp%2Fv2%2Fcategories&post=1466"},{"taxonomy":"post_tag","embeddable":true,"href":"https:\/\/szentistvan.dnyem.hu\/index.php?rest_route=%2Fwp%2Fv2%2Ftags&post=1466"}],"curies":[{"name":"wp","href":"https:\/\/api.w.org\/{rel}","templated":true}]}}