{"id":1464,"date":"2017-07-30T15:03:36","date_gmt":"2017-07-30T13:03:36","guid":{"rendered":"http:\/\/szentistvan.dnyem.hu\/?p=1464"},"modified":"2017-07-30T15:03:36","modified_gmt":"2017-07-30T13:03:36","slug":"a-plebania-atadasa","status":"publish","type":"post","link":"https:\/\/szentistvan.dnyem.hu\/?p=1464","title":{"rendered":"A pl\u00e9b\u00e1nia \u00e1tad\u00e1sa"},"content":{"rendered":"<p><strong>Kedden (augusztus 1-j\u00e9n) 09.30-kor<\/strong> lesz a pl\u00e9b\u00e1nia \u00e1tad\u00e1sa f\u0151tisztelend\u0151 <strong><a href=\"http:\/\/www.dnyem.hu\/index.php\/egyhazmegyei-papok\/item\/83-bancsi-zoltan-a-debreceni-szent-anna-plebania-kaplanja\">Bancsi Zolt\u00e1n<\/a>, egyh\u00e1zk\u00f6zs\u00e9g\u00fcnk <a href=\"http:\/\/www.plebania.net\/tarsalgo\/?op=view&amp;id=3903\">pl\u00e9b\u00e1niai korm\u00e1nyz\u00f3j\u00e1nak<\/a><\/strong>.<\/p>\n<p><strong>Az \u00e1tad\u00f3 <a href=\"http:\/\/lexikon.katolikus.hu\/P\/pl%C3%A9b%C3%A1nos.html\">pl\u00e9b\u00e1nos<\/a><\/strong>, f\u0151tisztelend\u0151 <a href=\"http:\/\/www.dnyem.hu\/index.php\/egyhazmegyei-papok\/item\/124-krakomperger-zoltan-dr-theol\"><strong>Krakomperger Zolt\u00e1n<\/strong><\/a> atya ism\u00e9telten h\u00e1l\u00e1san megk\u00f6sz\u00f6ni egyh\u00e1zk\u00f6zs\u00e9g\u00fcnk h\u00edveinek, hogy 3 sz\u00e9p \u00e9vet t\u00f6lthetett k\u00f6z\u00f6tt\u00fck. Kicsikre \u00e9s nagyokra csak h\u00e1l\u00e1val eml\u00e9kezik.<\/p>\n","protected":false},"excerpt":{"rendered":"<p>Kedden (augusztus 1-j\u00e9n) 09.30-kor lesz a pl\u00e9b\u00e1nia \u00e1tad\u00e1sa f\u0151tisztelend\u0151 Bancsi Zolt\u00e1n, egyh\u00e1zk\u00f6zs\u00e9g\u00fcnk pl\u00e9b\u00e1niai korm\u00e1nyz\u00f3j\u00e1nak. Az \u00e1tad\u00f3 pl\u00e9b\u00e1nos, f\u0151tisztelend\u0151 Krakomperger Zolt\u00e1n atya ism\u00e9telten h\u00e1l\u00e1san megk\u00f6sz\u00f6ni egyh\u00e1zk\u00f6zs\u00e9g\u00fcnk&#8230;<\/p>\n","protected":false},"author":2,"featured_media":0,"comment_status":"closed","ping_status":"open","sticky":false,"template":"","format":"standard","meta":[],"categories":[2],"tags":[],"_links":{"self":[{"href":"https:\/\/szentistvan.dnyem.hu\/index.php?rest_route=\/wp\/v2\/posts\/1464"}],"collection":[{"href":"https:\/\/szentistvan.dnyem.hu\/index.php?rest_route=\/wp\/v2\/posts"}],"about":[{"href":"https:\/\/szentistvan.dnyem.hu\/index.php?rest_route=\/wp\/v2\/types\/post"}],"author":[{"embeddable":true,"href":"https:\/\/szentistvan.dnyem.hu\/index.php?rest_route=\/wp\/v2\/users\/2"}],"replies":[{"embeddable":true,"href":"https:\/\/szentistvan.dnyem.hu\/index.php?rest_route=%2Fwp%2Fv2%2Fcomments&post=1464"}],"version-history":[{"count":1,"href":"https:\/\/szentistvan.dnyem.hu\/index.php?rest_route=\/wp\/v2\/posts\/1464\/revisions"}],"predecessor-version":[{"id":1465,"href":"https:\/\/szentistvan.dnyem.hu\/index.php?rest_route=\/wp\/v2\/posts\/1464\/revisions\/1465"}],"wp:attachment":[{"href":"https:\/\/szentistvan.dnyem.hu\/index.php?rest_route=%2Fwp%2Fv2%2Fmedia&parent=1464"}],"wp:term":[{"taxonomy":"category","embeddable":true,"href":"https:\/\/szentistvan.dnyem.hu\/index.php?rest_route=%2Fwp%2Fv2%2Fcategories&post=1464"},{"taxonomy":"post_tag","embeddable":true,"href":"https:\/\/szentistvan.dnyem.hu\/index.php?rest_route=%2Fwp%2Fv2%2Ftags&post=1464"}],"curies":[{"name":"wp","href":"https:\/\/api.w.org\/{rel}","templated":true}]}}