{"id":1460,"date":"2017-07-22T21:51:59","date_gmt":"2017-07-22T19:51:59","guid":{"rendered":"http:\/\/szentistvan.dnyem.hu\/?p=1460"},"modified":"2017-07-22T21:52:57","modified_gmt":"2017-07-22T19:52:57","slug":"fenyt-hagyni-magunk-utan","status":"publish","type":"post","link":"https:\/\/szentistvan.dnyem.hu\/?p=1460","title":{"rendered":"F\u00e9nyt hagyni magunk ut\u00e1n!"},"content":{"rendered":"<p>M\u00e9cs L\u00e1szl\u00f3: F\u00e9nyt hagyni magunk ut\u00e1n!<\/p>\n<p>Az \u00e9let \u00f6r\u00f6k b\u00facs\u00faz\u00e1s.<br \/>\n\u00d3 b\u00e1r csak tudn\u00e1nk t\u00e1voz\u00e1skor<br \/>\nf\u00e9nyt hagyni, mint a Messi\u00e1s,<br \/>\nbel\u00e9szeretni a sz\u00edvekbe,<br \/>\napostolokba, m\u00e1rt\u00edrokba,<br \/>\nhogy \u00e1tadj\u00e1k a sz\u00e1zadoknak,<br \/>\na sz\u00e1zadok az ezredeknek!<br \/>\nF\u00e9nyt hagyni, mint a Messi\u00e1s!<\/p>\n<p>Vagy legal\u00e1bb, mint az any\u00e1k,<br \/>\nkik egyre jobban megragyognak,<br \/>\nmin\u00e9l s\u00f6t\u00e9tebb lesz az \u00e9j,<br \/>\n\u00e9s min\u00e9l jobban porlanak<br \/>\na b\u00e1nat-barna hant alatt.<br \/>\nF\u00e9nyt hagyni, mint a j\u00f3 any\u00e1k.<\/p>\n<p>Vagy legal\u00e1bb is, mint a Ny\u00e1r,<br \/>\namely alm\u00e1kba \u00e9s di\u00f3kba<br \/>\nszerette \u00e9des \u00e1lmait,<br \/>\n\u00e9s \u00e9dess\u00e9g\u00e9vel vil\u00e1g\u00edt<br \/>\na hossz\u00fa, hossz\u00fa t\u00e9l alatt.<br \/>\nF\u00e9nyt hagyni, mint a dr\u00e1ga Ny\u00e1r.<\/p>\n<p>Vagy legal\u00e1bb is, mint a Nap,<br \/>\nmelyet elnyelt az alkonyat,<br \/>\nde a legb\u00fasabb \u00e9jben is<br \/>\nvil\u00e1g\u00edt m\u00e9g a gy\u00f6ngyvir\u00e1gban,<br \/>\na liliomban, m\u00e9csvir\u00e1gban.<br \/>\nAz \u00e9let\u00fcnk olyan t\u00fcn\u00e9keny.<br \/>\n\u00d3, szent f\u00e9nyt hagyni volna j\u00f3!<\/p>\n","protected":false},"excerpt":{"rendered":"<p>M\u00e9cs L\u00e1szl\u00f3: F\u00e9nyt hagyni magunk ut\u00e1n! Az \u00e9let \u00f6r\u00f6k b\u00facs\u00faz\u00e1s. \u00d3 b\u00e1r csak tudn\u00e1nk t\u00e1voz\u00e1skor f\u00e9nyt hagyni, mint a Messi\u00e1s, bel\u00e9szeretni a sz\u00edvekbe, apostolokba, m\u00e1rt\u00edrokba,&#8230;<\/p>\n","protected":false},"author":2,"featured_media":0,"comment_status":"closed","ping_status":"open","sticky":false,"template":"","format":"standard","meta":[],"categories":[1],"tags":[],"_links":{"self":[{"href":"https:\/\/szentistvan.dnyem.hu\/index.php?rest_route=\/wp\/v2\/posts\/1460"}],"collection":[{"href":"https:\/\/szentistvan.dnyem.hu\/index.php?rest_route=\/wp\/v2\/posts"}],"about":[{"href":"https:\/\/szentistvan.dnyem.hu\/index.php?rest_route=\/wp\/v2\/types\/post"}],"author":[{"embeddable":true,"href":"https:\/\/szentistvan.dnyem.hu\/index.php?rest_route=\/wp\/v2\/users\/2"}],"replies":[{"embeddable":true,"href":"https:\/\/szentistvan.dnyem.hu\/index.php?rest_route=%2Fwp%2Fv2%2Fcomments&post=1460"}],"version-history":[{"count":2,"href":"https:\/\/szentistvan.dnyem.hu\/index.php?rest_route=\/wp\/v2\/posts\/1460\/revisions"}],"predecessor-version":[{"id":1462,"href":"https:\/\/szentistvan.dnyem.hu\/index.php?rest_route=\/wp\/v2\/posts\/1460\/revisions\/1462"}],"wp:attachment":[{"href":"https:\/\/szentistvan.dnyem.hu\/index.php?rest_route=%2Fwp%2Fv2%2Fmedia&parent=1460"}],"wp:term":[{"taxonomy":"category","embeddable":true,"href":"https:\/\/szentistvan.dnyem.hu\/index.php?rest_route=%2Fwp%2Fv2%2Fcategories&post=1460"},{"taxonomy":"post_tag","embeddable":true,"href":"https:\/\/szentistvan.dnyem.hu\/index.php?rest_route=%2Fwp%2Fv2%2Ftags&post=1460"}],"curies":[{"name":"wp","href":"https:\/\/api.w.org\/{rel}","templated":true}]}}