{"id":1456,"date":"2017-07-22T21:48:36","date_gmt":"2017-07-22T19:48:36","guid":{"rendered":"http:\/\/szentistvan.dnyem.hu\/?p=1456"},"modified":"2017-07-22T21:48:36","modified_gmt":"2017-07-22T19:48:36","slug":"szent-anna-bucsu","status":"publish","type":"post","link":"https:\/\/szentistvan.dnyem.hu\/?p=1456","title":{"rendered":"Szent Anna b\u00facs\u00fa"},"content":{"rendered":"<p><strong>H\u00e9tf\u0151n (j\u00falius 24-\u00e9n) \u00e9s kedden (j\u00falius 25-\u00e9n) 18.00-t\u00f3l a Szent Anna sz\u00e9kesegyh\u00e1zban pr\u00e9dik\u00e1ci\u00f3sorozat<\/strong> el\u0151k\u00e9sz\u00fcletk\u00e9nt a betegek szents\u00e9g\u00e9nek felv\u00e9tel\u00e9re; <strong>szerd\u00e1n (j\u00falius 26-\u00e1n) pedig b\u00facs\u00fa, amelynek \u00fcnnepi sz\u00f3noka f\u0151tisztelend\u0151 B\u00edr\u00f3 L\u00e1szl\u00f3, t\u00e1bori p\u00fcsp\u00f6k.<\/strong><\/p>\n","protected":false},"excerpt":{"rendered":"<p>H\u00e9tf\u0151n (j\u00falius 24-\u00e9n) \u00e9s kedden (j\u00falius 25-\u00e9n) 18.00-t\u00f3l a Szent Anna sz\u00e9kesegyh\u00e1zban pr\u00e9dik\u00e1ci\u00f3sorozat el\u0151k\u00e9sz\u00fcletk\u00e9nt a betegek szents\u00e9g\u00e9nek felv\u00e9tel\u00e9re; szerd\u00e1n (j\u00falius 26-\u00e1n) pedig b\u00facs\u00fa, amelynek \u00fcnnepi&#8230;<\/p>\n","protected":false},"author":2,"featured_media":0,"comment_status":"closed","ping_status":"open","sticky":false,"template":"","format":"standard","meta":[],"categories":[2],"tags":[],"_links":{"self":[{"href":"https:\/\/szentistvan.dnyem.hu\/index.php?rest_route=\/wp\/v2\/posts\/1456"}],"collection":[{"href":"https:\/\/szentistvan.dnyem.hu\/index.php?rest_route=\/wp\/v2\/posts"}],"about":[{"href":"https:\/\/szentistvan.dnyem.hu\/index.php?rest_route=\/wp\/v2\/types\/post"}],"author":[{"embeddable":true,"href":"https:\/\/szentistvan.dnyem.hu\/index.php?rest_route=\/wp\/v2\/users\/2"}],"replies":[{"embeddable":true,"href":"https:\/\/szentistvan.dnyem.hu\/index.php?rest_route=%2Fwp%2Fv2%2Fcomments&post=1456"}],"version-history":[{"count":1,"href":"https:\/\/szentistvan.dnyem.hu\/index.php?rest_route=\/wp\/v2\/posts\/1456\/revisions"}],"predecessor-version":[{"id":1457,"href":"https:\/\/szentistvan.dnyem.hu\/index.php?rest_route=\/wp\/v2\/posts\/1456\/revisions\/1457"}],"wp:attachment":[{"href":"https:\/\/szentistvan.dnyem.hu\/index.php?rest_route=%2Fwp%2Fv2%2Fmedia&parent=1456"}],"wp:term":[{"taxonomy":"category","embeddable":true,"href":"https:\/\/szentistvan.dnyem.hu\/index.php?rest_route=%2Fwp%2Fv2%2Fcategories&post=1456"},{"taxonomy":"post_tag","embeddable":true,"href":"https:\/\/szentistvan.dnyem.hu\/index.php?rest_route=%2Fwp%2Fv2%2Ftags&post=1456"}],"curies":[{"name":"wp","href":"https:\/\/api.w.org\/{rel}","templated":true}]}}