{"id":1452,"date":"2017-07-16T13:30:39","date_gmt":"2017-07-16T11:30:39","guid":{"rendered":"http:\/\/szentistvan.dnyem.hu\/?p=1452"},"modified":"2017-07-22T21:50:49","modified_gmt":"2017-07-22T19:50:49","slug":"autobuszos-zarandoklat-az-egyhazmegyei-bucsura","status":"publish","type":"post","link":"https:\/\/szentistvan.dnyem.hu\/?p=1452","title":{"rendered":"Aut\u00f3buszos zar\u00e1ndoklat az egyh\u00e1zmegyei b\u00facs\u00fara"},"content":{"rendered":"<p><strong>A Debrecen-Ny\u00edregyh\u00e1zi Egyh\u00e1zmegye b\u00facs\u00faja j\u00falius 30-\u00e1n lesz M\u00e1riap\u00f3cson. A 10.30 \u00f3rakor kezd\u0151d\u0151 \u00fcnnepi szentmise f\u0151celebr\u00e1nsa Ft. Pal\u00e1nki Ferenc debrecen-ny\u00edregyh\u00e1zi p\u00fcsp\u00f6k.<\/strong><br \/>\n<strong>D\u00e9lut\u00e1n 2 \u00f3rakor \u00fcnnep\u00e9lyes lit\u00e1ni\u00e1val fejez\u0151dik be zar\u00e1ndoklatunk.<\/strong><\/p>\n<p><strong>A m\u00e1riap\u00f3csi r\u00f3mai katolikus templomban a zar\u00e1ndoklat alatt (f\u00e9l 9-t\u0151l f\u00e9l 2-ig) folyamatos szents\u00e9gim\u00e1d\u00e1s lesz.<\/strong><\/p>\n<p>Az aut\u00f3buszos zar\u00e1ndoklat k\u00f6lts\u00e9ge 1 500 Ft.<\/p>\n<p><strong>Felsz\u00e1ll\u00e1s a buszra: <\/strong><\/p>\n<p><strong>06:45 Szenczi Moln\u00e1r Albert utc\u00e1n (Szent Istv\u00e1n-templom);<\/strong><\/p>\n<p>07:00 Borb\u00edr\u00f3 t\u00e9r 9. (Megtestes\u00fcl\u00e9s-templom);<\/p>\n<p>07:15 R\u00f3zs\u00e1s cs\u00e1rda helyi buszmeg\u00e1ll\u00f3ban (J\u00f3zsa)<\/p>\n","protected":false},"excerpt":{"rendered":"<p>A Debrecen-Ny\u00edregyh\u00e1zi Egyh\u00e1zmegye b\u00facs\u00faja j\u00falius 30-\u00e1n lesz M\u00e1riap\u00f3cson. A 10.30 \u00f3rakor kezd\u0151d\u0151 \u00fcnnepi szentmise f\u0151celebr\u00e1nsa Ft. Pal\u00e1nki Ferenc debrecen-ny\u00edregyh\u00e1zi p\u00fcsp\u00f6k. D\u00e9lut\u00e1n 2 \u00f3rakor \u00fcnnep\u00e9lyes lit\u00e1ni\u00e1val&#8230;<\/p>\n","protected":false},"author":2,"featured_media":0,"comment_status":"closed","ping_status":"open","sticky":false,"template":"","format":"standard","meta":[],"categories":[2],"tags":[],"_links":{"self":[{"href":"https:\/\/szentistvan.dnyem.hu\/index.php?rest_route=\/wp\/v2\/posts\/1452"}],"collection":[{"href":"https:\/\/szentistvan.dnyem.hu\/index.php?rest_route=\/wp\/v2\/posts"}],"about":[{"href":"https:\/\/szentistvan.dnyem.hu\/index.php?rest_route=\/wp\/v2\/types\/post"}],"author":[{"embeddable":true,"href":"https:\/\/szentistvan.dnyem.hu\/index.php?rest_route=\/wp\/v2\/users\/2"}],"replies":[{"embeddable":true,"href":"https:\/\/szentistvan.dnyem.hu\/index.php?rest_route=%2Fwp%2Fv2%2Fcomments&post=1452"}],"version-history":[{"count":3,"href":"https:\/\/szentistvan.dnyem.hu\/index.php?rest_route=\/wp\/v2\/posts\/1452\/revisions"}],"predecessor-version":[{"id":1459,"href":"https:\/\/szentistvan.dnyem.hu\/index.php?rest_route=\/wp\/v2\/posts\/1452\/revisions\/1459"}],"wp:attachment":[{"href":"https:\/\/szentistvan.dnyem.hu\/index.php?rest_route=%2Fwp%2Fv2%2Fmedia&parent=1452"}],"wp:term":[{"taxonomy":"category","embeddable":true,"href":"https:\/\/szentistvan.dnyem.hu\/index.php?rest_route=%2Fwp%2Fv2%2Fcategories&post=1452"},{"taxonomy":"post_tag","embeddable":true,"href":"https:\/\/szentistvan.dnyem.hu\/index.php?rest_route=%2Fwp%2Fv2%2Ftags&post=1452"}],"curies":[{"name":"wp","href":"https:\/\/api.w.org\/{rel}","templated":true}]}}