{"id":1445,"date":"2017-07-13T15:00:41","date_gmt":"2017-07-13T13:00:41","guid":{"rendered":"http:\/\/szentistvan.dnyem.hu\/?p=1445"},"modified":"2017-07-13T15:06:38","modified_gmt":"2017-07-13T13:06:38","slug":"gyujtes-eddigi-eredmenye","status":"publish","type":"post","link":"https:\/\/szentistvan.dnyem.hu\/?p=1445","title":{"rendered":"Gy\u0171jt\u00e9s eddigi eredm\u00e9nye"},"content":{"rendered":"<p>A H\u00fasv\u00e9tkor meghirdetett gy\u0171jt\u00e9s a dobog\u00f3ra \u00e9s a f\u0171t\u00e9skorszer\u0171s\u00edt\u00e9sre eddig (j\u00falius 9-ig)<\/p>\n<p><strong>784 000 Ft-ot<\/strong><\/p>\n<p>eredm\u00e9nyezett.<\/p>\n<p>Illesse k\u00f6sz\u00f6net az adom\u00e1nyoz\u00f3kat!<\/p>\n","protected":false},"excerpt":{"rendered":"<p>A H\u00fasv\u00e9tkor meghirdetett gy\u0171jt\u00e9s a dobog\u00f3ra \u00e9s a f\u0171t\u00e9skorszer\u0171s\u00edt\u00e9sre eddig (j\u00falius 9-ig) 784 000 Ft-ot eredm\u00e9nyezett. Illesse k\u00f6sz\u00f6net az adom\u00e1nyoz\u00f3kat!<\/p>\n","protected":false},"author":2,"featured_media":0,"comment_status":"closed","ping_status":"open","sticky":false,"template":"","format":"standard","meta":[],"categories":[5,1],"tags":[],"_links":{"self":[{"href":"https:\/\/szentistvan.dnyem.hu\/index.php?rest_route=\/wp\/v2\/posts\/1445"}],"collection":[{"href":"https:\/\/szentistvan.dnyem.hu\/index.php?rest_route=\/wp\/v2\/posts"}],"about":[{"href":"https:\/\/szentistvan.dnyem.hu\/index.php?rest_route=\/wp\/v2\/types\/post"}],"author":[{"embeddable":true,"href":"https:\/\/szentistvan.dnyem.hu\/index.php?rest_route=\/wp\/v2\/users\/2"}],"replies":[{"embeddable":true,"href":"https:\/\/szentistvan.dnyem.hu\/index.php?rest_route=%2Fwp%2Fv2%2Fcomments&post=1445"}],"version-history":[{"count":2,"href":"https:\/\/szentistvan.dnyem.hu\/index.php?rest_route=\/wp\/v2\/posts\/1445\/revisions"}],"predecessor-version":[{"id":1448,"href":"https:\/\/szentistvan.dnyem.hu\/index.php?rest_route=\/wp\/v2\/posts\/1445\/revisions\/1448"}],"wp:attachment":[{"href":"https:\/\/szentistvan.dnyem.hu\/index.php?rest_route=%2Fwp%2Fv2%2Fmedia&parent=1445"}],"wp:term":[{"taxonomy":"category","embeddable":true,"href":"https:\/\/szentistvan.dnyem.hu\/index.php?rest_route=%2Fwp%2Fv2%2Fcategories&post=1445"},{"taxonomy":"post_tag","embeddable":true,"href":"https:\/\/szentistvan.dnyem.hu\/index.php?rest_route=%2Fwp%2Fv2%2Ftags&post=1445"}],"curies":[{"name":"wp","href":"https:\/\/api.w.org\/{rel}","templated":true}]}}