{"id":1439,"date":"2017-07-03T23:57:00","date_gmt":"2017-07-03T21:57:00","guid":{"rendered":"http:\/\/szentistvan.dnyem.hu\/?p=1439"},"modified":"2017-07-03T23:57:00","modified_gmt":"2017-07-03T21:57:00","slug":"peter-filler-gyujtes-2","status":"publish","type":"post","link":"https:\/\/szentistvan.dnyem.hu\/?p=1439","title":{"rendered":"P\u00e9ter-fill\u00e9r-gy\u0171jt\u00e9s"},"content":{"rendered":"<p><strong>J\u00falius 9-\u00e9n<\/strong> P\u00e9ter-fill\u00e9r-gy\u0171jt\u00e9st tartunk <strong>az Apostoli Szentsz\u00e9k eg\u00e9sz vil\u00e1gra kiterjed\u0151 evangeliz\u00e1ci\u00f3s tev\u00e9kenys\u00e9ge jav\u00e1ra.<\/strong><\/p>\n","protected":false},"excerpt":{"rendered":"<p>J\u00falius 9-\u00e9n P\u00e9ter-fill\u00e9r-gy\u0171jt\u00e9st tartunk az Apostoli Szentsz\u00e9k eg\u00e9sz vil\u00e1gra kiterjed\u0151 evangeliz\u00e1ci\u00f3s tev\u00e9kenys\u00e9ge jav\u00e1ra.<\/p>\n","protected":false},"author":2,"featured_media":0,"comment_status":"closed","ping_status":"open","sticky":false,"template":"","format":"standard","meta":[],"categories":[2],"tags":[],"_links":{"self":[{"href":"https:\/\/szentistvan.dnyem.hu\/index.php?rest_route=\/wp\/v2\/posts\/1439"}],"collection":[{"href":"https:\/\/szentistvan.dnyem.hu\/index.php?rest_route=\/wp\/v2\/posts"}],"about":[{"href":"https:\/\/szentistvan.dnyem.hu\/index.php?rest_route=\/wp\/v2\/types\/post"}],"author":[{"embeddable":true,"href":"https:\/\/szentistvan.dnyem.hu\/index.php?rest_route=\/wp\/v2\/users\/2"}],"replies":[{"embeddable":true,"href":"https:\/\/szentistvan.dnyem.hu\/index.php?rest_route=%2Fwp%2Fv2%2Fcomments&post=1439"}],"version-history":[{"count":1,"href":"https:\/\/szentistvan.dnyem.hu\/index.php?rest_route=\/wp\/v2\/posts\/1439\/revisions"}],"predecessor-version":[{"id":1440,"href":"https:\/\/szentistvan.dnyem.hu\/index.php?rest_route=\/wp\/v2\/posts\/1439\/revisions\/1440"}],"wp:attachment":[{"href":"https:\/\/szentistvan.dnyem.hu\/index.php?rest_route=%2Fwp%2Fv2%2Fmedia&parent=1439"}],"wp:term":[{"taxonomy":"category","embeddable":true,"href":"https:\/\/szentistvan.dnyem.hu\/index.php?rest_route=%2Fwp%2Fv2%2Fcategories&post=1439"},{"taxonomy":"post_tag","embeddable":true,"href":"https:\/\/szentistvan.dnyem.hu\/index.php?rest_route=%2Fwp%2Fv2%2Ftags&post=1439"}],"curies":[{"name":"wp","href":"https:\/\/api.w.org\/{rel}","templated":true}]}}