{"id":1435,"date":"2017-06-24T21:35:34","date_gmt":"2017-06-24T19:35:34","guid":{"rendered":"http:\/\/szentistvan.dnyem.hu\/?p=1435"},"modified":"2017-07-16T13:25:35","modified_gmt":"2017-07-16T11:25:35","slug":"kerekparos-zarandoklat-az-egyhazmegyei-bucsura","status":"publish","type":"post","link":"https:\/\/szentistvan.dnyem.hu\/?p=1435","title":{"rendered":"Ker\u00e9kp\u00e1ros zar\u00e1ndoklat az egyh\u00e1zmegyei b\u00facs\u00fara"},"content":{"rendered":"<p><strong>A Debrecen-Ny\u00edregyh\u00e1zi Egyh\u00e1zmegye b\u00facs\u00faja j\u00falius 30-\u00e1n lesz M\u00e1riap\u00f3cson. A 10.30 \u00f3rakor kezd\u0151d\u0151 \u00fcnnepi szentmise f\u0151celebr\u00e1nsa Ft. Pal\u00e1nki Ferenc debrecen-ny\u00edregyh\u00e1zi p\u00fcsp\u00f6k.<\/strong><br \/>\nErre b\u00facs\u00fara ker\u00e9kp\u00e1ros zar\u00e1ndoklat is indul.<\/p>\n<p><strong>A biciklis zar\u00e1ndokok csoportja j\u00falius 29-\u00e9n d\u00e9lel\u0151tt 10.00-kor indul a debreceni Szent Istv\u00e1n templomt\u00f3l.<\/strong><\/p>\n<p>Az \u00fatvonal: Debrecen, Hajd\u00fas\u00e1mson, Ny\u00edradony \u00e9s M\u00e1riap\u00f3cs. Az \u00e9tkez\u00e9sr\u0151l mindenki maga gondoskodik. <strong>Sz\u00e1ll\u00e1s foglalhat\u00f3 M\u00e1riap\u00f3cson a zar\u00e1ndokh\u00e1zban. Ugyanitt rendelhet\u0151 vacsora az \u00e9rkez\u00e9s napj\u00e1n, valamint m\u00e1snapra reggeli \u00e9s eb\u00e9d.<\/strong><br \/>\n<strong> A visszaindul\u00e1s j\u00falius 30-\u00e1n 15.00-kor lesz. Debrecenbe \u00e9rkez\u00e9s kb. 20.00-ra.<\/strong><br \/>\n<strong> Miel\u0151bbi jelentkez\u00e9s j\u00fal. 15-ig n\u00e9v, sz\u00e1ll\u00e1s- \u00e9s \u00e9tkez\u00e9sig\u00e9nyl\u00e9s megad\u00e1s\u00e1val n\u00e1lam.<\/strong><\/p>\n","protected":false},"excerpt":{"rendered":"<p>A Debrecen-Ny\u00edregyh\u00e1zi Egyh\u00e1zmegye b\u00facs\u00faja j\u00falius 30-\u00e1n lesz M\u00e1riap\u00f3cson. A 10.30 \u00f3rakor kezd\u0151d\u0151 \u00fcnnepi szentmise f\u0151celebr\u00e1nsa Ft. Pal\u00e1nki Ferenc debrecen-ny\u00edregyh\u00e1zi p\u00fcsp\u00f6k. Erre b\u00facs\u00fara ker\u00e9kp\u00e1ros zar\u00e1ndoklat is&#8230;<\/p>\n","protected":false},"author":2,"featured_media":0,"comment_status":"closed","ping_status":"open","sticky":false,"template":"","format":"standard","meta":[],"categories":[2],"tags":[],"_links":{"self":[{"href":"https:\/\/szentistvan.dnyem.hu\/index.php?rest_route=\/wp\/v2\/posts\/1435"}],"collection":[{"href":"https:\/\/szentistvan.dnyem.hu\/index.php?rest_route=\/wp\/v2\/posts"}],"about":[{"href":"https:\/\/szentistvan.dnyem.hu\/index.php?rest_route=\/wp\/v2\/types\/post"}],"author":[{"embeddable":true,"href":"https:\/\/szentistvan.dnyem.hu\/index.php?rest_route=\/wp\/v2\/users\/2"}],"replies":[{"embeddable":true,"href":"https:\/\/szentistvan.dnyem.hu\/index.php?rest_route=%2Fwp%2Fv2%2Fcomments&post=1435"}],"version-history":[{"count":3,"href":"https:\/\/szentistvan.dnyem.hu\/index.php?rest_route=\/wp\/v2\/posts\/1435\/revisions"}],"predecessor-version":[{"id":1451,"href":"https:\/\/szentistvan.dnyem.hu\/index.php?rest_route=\/wp\/v2\/posts\/1435\/revisions\/1451"}],"wp:attachment":[{"href":"https:\/\/szentistvan.dnyem.hu\/index.php?rest_route=%2Fwp%2Fv2%2Fmedia&parent=1435"}],"wp:term":[{"taxonomy":"category","embeddable":true,"href":"https:\/\/szentistvan.dnyem.hu\/index.php?rest_route=%2Fwp%2Fv2%2Fcategories&post=1435"},{"taxonomy":"post_tag","embeddable":true,"href":"https:\/\/szentistvan.dnyem.hu\/index.php?rest_route=%2Fwp%2Fv2%2Ftags&post=1435"}],"curies":[{"name":"wp","href":"https:\/\/api.w.org\/{rel}","templated":true}]}}