{"id":1433,"date":"2017-06-24T21:31:27","date_gmt":"2017-06-24T19:31:27","guid":{"rendered":"http:\/\/szentistvan.dnyem.hu\/?p=1433"},"modified":"2017-06-24T21:31:27","modified_gmt":"2017-06-24T19:31:27","slug":"kerekparos-zarandoklat-szentjobbra","status":"publish","type":"post","link":"https:\/\/szentistvan.dnyem.hu\/?p=1433","title":{"rendered":"Ker\u00e9kp\u00e1ros zar\u00e1ndoklat Szentjobbra"},"content":{"rendered":"<p>Ker\u00e9kp\u00e1ros zar\u00e1ndoklat Szentjobbra a Szent L\u00e1szl\u00f3 alap\u00edtotta benc\u00e9s monostor romjaihoz <strong>j\u00falius 8-\u00e1n, szombaton.<\/strong><\/p>\n<p>Megn\u00e9zz\u00fck a kast\u00e9lykertben az \u00e1sat\u00e1sokat.<\/p>\n<p><strong>A l\u00e9tav\u00e9rtesi hat\u00e1r\u00e1tkel\u0151n\u00e9l reggel \u00bd 9-kor tal\u00e1lkozunk.<\/strong> Az utat od\u00e1ig mindenki egy\u00e9nileg megteheti kocsival. <strong>A hat\u00e1r\u00e1tkel\u0151t\u0151l Szentjobbig, majd onnan vissza L\u00e9tav\u00e9rtesig ker\u00e9kp\u00e1rral tessz\u00fck meg az utat.<\/strong> Ez a t\u00e1v oda-vissza 60 km. \u00c9lelemr\u0151l mindenki maga gondoskodik. <strong>D\u00e9lut\u00e1ni pihen\u0151t fogunk tartani L\u00e1z\u00e1r Antal gazda sz\u0151l\u0151birtok\u00e1n<\/strong>, ahol lesz kemenc\u00e9ben s\u00fclt keny\u00e9r, szalonna \u00e9s hagyma.<\/p>\n<p><strong>V\u00e1rhat\u00f3an 19.00 \u00f3ra k\u00f6r\u00fcl \u00e9rkez\u00fcnk vissza.<\/strong><br \/>\n<strong>Miel\u0151bbi jelentkez\u00e9st k\u00e9rek j\u00falius 4-ig feliratkoz\u00e1ssal a templom sz\u00e9lfog\u00f3j\u00e1ban elhelyezett \u0171rlapon \u00e9s 500 Ft befizet\u00e9s\u00e9vel.<\/strong><\/p>\n","protected":false},"excerpt":{"rendered":"<p>Ker\u00e9kp\u00e1ros zar\u00e1ndoklat Szentjobbra a Szent L\u00e1szl\u00f3 alap\u00edtotta benc\u00e9s monostor romjaihoz j\u00falius 8-\u00e1n, szombaton. Megn\u00e9zz\u00fck a kast\u00e9lykertben az \u00e1sat\u00e1sokat. A l\u00e9tav\u00e9rtesi hat\u00e1r\u00e1tkel\u0151n\u00e9l reggel \u00bd 9-kor tal\u00e1lkozunk&#8230;.<\/p>\n","protected":false},"author":2,"featured_media":0,"comment_status":"closed","ping_status":"open","sticky":false,"template":"","format":"standard","meta":[],"categories":[2],"tags":[],"_links":{"self":[{"href":"https:\/\/szentistvan.dnyem.hu\/index.php?rest_route=\/wp\/v2\/posts\/1433"}],"collection":[{"href":"https:\/\/szentistvan.dnyem.hu\/index.php?rest_route=\/wp\/v2\/posts"}],"about":[{"href":"https:\/\/szentistvan.dnyem.hu\/index.php?rest_route=\/wp\/v2\/types\/post"}],"author":[{"embeddable":true,"href":"https:\/\/szentistvan.dnyem.hu\/index.php?rest_route=\/wp\/v2\/users\/2"}],"replies":[{"embeddable":true,"href":"https:\/\/szentistvan.dnyem.hu\/index.php?rest_route=%2Fwp%2Fv2%2Fcomments&post=1433"}],"version-history":[{"count":1,"href":"https:\/\/szentistvan.dnyem.hu\/index.php?rest_route=\/wp\/v2\/posts\/1433\/revisions"}],"predecessor-version":[{"id":1434,"href":"https:\/\/szentistvan.dnyem.hu\/index.php?rest_route=\/wp\/v2\/posts\/1433\/revisions\/1434"}],"wp:attachment":[{"href":"https:\/\/szentistvan.dnyem.hu\/index.php?rest_route=%2Fwp%2Fv2%2Fmedia&parent=1433"}],"wp:term":[{"taxonomy":"category","embeddable":true,"href":"https:\/\/szentistvan.dnyem.hu\/index.php?rest_route=%2Fwp%2Fv2%2Fcategories&post=1433"},{"taxonomy":"post_tag","embeddable":true,"href":"https:\/\/szentistvan.dnyem.hu\/index.php?rest_route=%2Fwp%2Fv2%2Ftags&post=1433"}],"curies":[{"name":"wp","href":"https:\/\/api.w.org\/{rel}","templated":true}]}}