{"id":1421,"date":"2017-06-18T13:03:49","date_gmt":"2017-06-18T11:03:49","guid":{"rendered":"http:\/\/szentistvan.dnyem.hu\/?p=1421"},"modified":"2017-06-18T13:11:08","modified_gmt":"2017-06-18T11:11:08","slug":"a-legfontosabb-tudnivalok-az-oltariszentsegrol-4-befejezo-resz","status":"publish","type":"post","link":"https:\/\/szentistvan.dnyem.hu\/?p=1421","title":{"rendered":"A legfontosabb tudnival\u00f3k az Olt\u00e1riszents\u00e9gr\u0151l (4., befejez\u0151 r\u00e9sz)"},"content":{"rendered":"<p><a href=\"http:\/\/szentistvan.dnyem.hu\/?p=1389\">1. r\u00e9sz<\/a><\/p>\n<p><a href=\"http:\/\/szentistvan.dnyem.hu\/?p=1397\">2. r\u00e9sz<\/a><\/p>\n<p><a href=\"http:\/\/szentistvan.dnyem.hu\/?p=1410\">3. r\u00e9sz<\/a><\/p>\n<p>A szent\u00e1ldoz\u00e1shoz m\u00e1r az \u00e1ldoz\u00e1si \u00e9nek felhangz\u00e1sakor induljunk el. Az elindul\u00e1ssal nem kell v\u00e1rni addig, am\u00edg az \u00e1ldoztat\u00f3 a hely\u00e9re ki\u00e1ll.<\/p>\n<p>Az Olt\u00e1riszents\u00e9g a mennyei Atya aj\u00e1nd\u00e9ka gyermekei sz\u00e1m\u00e1ra, ez\u00e9rt az Olt\u00e1riszents\u00e9get kapjuk, teh\u00e1t a szentmis\u00e9n senki sem \u00e1ldoztatja meg \u00f6nmag\u00e1t, csak a pap. Ebb\u0151l k\u00f6vetkez\u0151en nem megengedett, hogy az \u00e1ldoz\u00f3k maguk vegy\u00e9k ki a szents\u00e9gtart\u00f3b\u00f3l a Szents\u00e9get.<\/p>\n<p>A szertart\u00e1srend nem \u00edrja el\u0151, hogy keresztet vess\u00fcnk, amikor sorra ker\u00fcl\u00fcnk az \u00e1ldoz\u00e1skor, de lehet.<\/p>\n<p>Kell-e t\u00e9rdet hajtanunk, amikor a Szents\u00e9g el\u00e9 l\u00e9p\u00fcnk? Szabad t\u00e9rdet hajtani, de nem k\u00f6telez\u0151.<\/p>\n<p>Az \u00e1ldoz\u00f3 maga v\u00e1lasztja meg, hogy \u00e1llva vagy t\u00e9rdelve \u00e1ldozik.<\/p>\n<p>Kiz\u00e1r\u00f3lag az\u00e9rt megy\u00fcnk ki \u00e1ldozni, hogy \u00e1ldozzunk, \u00e9s nem m\u00e1s\u00e9rt, p\u00e9ld\u00e1ul nem az\u00e9rt, hogy \u00e1ld\u00e1sban r\u00e9szes\u00fclj\u00fcnk.<\/p>\n<p>Az Olt\u00e1riszents\u00e9g v\u00e9tel\u00e9t megel\u0151z\u0151 j\u00f3 testi \u00e9s lelki el\u0151k\u00e9sz\u00fclet ellen\u00e9re legy\u00fcnk tudat\u00e1ban annak, hogy a szent\u00e1ldoz\u00e1sra nem vagyunk m\u00e9lt\u00f3k. Az \u00dar az, aki a v\u00e9telre m\u00e9ltat minket, de nem az\u00e9rt, mert m\u00e1r szentek vagyunk, hanem \u00e9ppen az\u00e9rt, hogy megszentel\u0151dj\u00fcnk. Mindez\u00e9rt a kell\u0151 \u00e1ldozatot meghozni akkor lesz kedv\u00fcnk \u00e9s ind\u00edttat\u00e1sunk, ha fontol\u00f3ra vessz\u00fck azt, hogy <em>\u201eaz Eukariszti\u00e1ban benne van az Egyh\u00e1z minden lelki java, tudniillik maga Krisztus, a mi h\u00fasv\u00e9ti b\u00e1r\u00e1nyunk \u00e9s \u00e9l\u0151 kenyer\u00fcnk\u201d<\/em> (II. Vatik\u00e1ni Zsinat). Ez\u00e9rt az Olt\u00e1riszents\u00e9g Egyh\u00e1zunk \u00e9s a szem\u00e9lyes \u00e9let\u00fcnk k\u00f6z\u00e9ppontja.<\/p>\n<p>XII. Piusz p\u00e1pa a gyakori szentgy\u00f3n\u00e1s \u00e1ld\u00e1sair\u00f3l ek\u00e9ppen sz\u00f3lt (1943, j\u00fan. 29.): \u201e\u2026ahhoz, hogy napr\u00f3l-napra ser\u00e9nyebben haladjon valaki az er\u00e9ny \u00fatj\u00e1n, nagyon is aj\u00e1nlatos a gyakori szent\u00e1ldoz\u00e1s j\u00e1mbor szok\u00e1sa, melyet nem a Szentl\u00e9lek sugallata n\u00e9lk\u00fcl vezetett be az egyh\u00e1z, mert hiszen e szok\u00e1s n\u00f6veli a helyes \u00f6nismeretet, er\u0151s\u00edti a kereszt\u00e9ny al\u00e1zatoss\u00e1got, gy\u00f6keresen kiirtja az erk\u00f6lcsi hib\u00e1kat, szembesz\u00e1ll a l\u00e9lek hanyags\u00e1g\u00e1val \u00e9s lanyhas\u00e1g\u00e1val, megtiszt\u00edtja a lelkiismeretet, er\u0151s\u00edti az akaratot, lehet\u0151v\u00e9 teszi az \u00fcdv\u00f6s lelkivezet\u00e9st \u00e9s mag\u00e1nak a szents\u00e9gnek erej\u00e9vel gyarap\u00edtja a kegyelmet.&#8221;<\/p>\n","protected":false},"excerpt":{"rendered":"<p>1. r\u00e9sz 2. r\u00e9sz 3. r\u00e9sz A szent\u00e1ldoz\u00e1shoz m\u00e1r az \u00e1ldoz\u00e1si \u00e9nek felhangz\u00e1sakor induljunk el. Az elindul\u00e1ssal nem kell v\u00e1rni addig, am\u00edg az \u00e1ldoztat\u00f3 a&#8230;<\/p>\n","protected":false},"author":2,"featured_media":0,"comment_status":"closed","ping_status":"open","sticky":false,"template":"","format":"standard","meta":[],"categories":[1],"tags":[],"_links":{"self":[{"href":"https:\/\/szentistvan.dnyem.hu\/index.php?rest_route=\/wp\/v2\/posts\/1421"}],"collection":[{"href":"https:\/\/szentistvan.dnyem.hu\/index.php?rest_route=\/wp\/v2\/posts"}],"about":[{"href":"https:\/\/szentistvan.dnyem.hu\/index.php?rest_route=\/wp\/v2\/types\/post"}],"author":[{"embeddable":true,"href":"https:\/\/szentistvan.dnyem.hu\/index.php?rest_route=\/wp\/v2\/users\/2"}],"replies":[{"embeddable":true,"href":"https:\/\/szentistvan.dnyem.hu\/index.php?rest_route=%2Fwp%2Fv2%2Fcomments&post=1421"}],"version-history":[{"count":4,"href":"https:\/\/szentistvan.dnyem.hu\/index.php?rest_route=\/wp\/v2\/posts\/1421\/revisions"}],"predecessor-version":[{"id":1429,"href":"https:\/\/szentistvan.dnyem.hu\/index.php?rest_route=\/wp\/v2\/posts\/1421\/revisions\/1429"}],"wp:attachment":[{"href":"https:\/\/szentistvan.dnyem.hu\/index.php?rest_route=%2Fwp%2Fv2%2Fmedia&parent=1421"}],"wp:term":[{"taxonomy":"category","embeddable":true,"href":"https:\/\/szentistvan.dnyem.hu\/index.php?rest_route=%2Fwp%2Fv2%2Fcategories&post=1421"},{"taxonomy":"post_tag","embeddable":true,"href":"https:\/\/szentistvan.dnyem.hu\/index.php?rest_route=%2Fwp%2Fv2%2Ftags&post=1421"}],"curies":[{"name":"wp","href":"https:\/\/api.w.org\/{rel}","templated":true}]}}