{"id":1406,"date":"2017-06-11T09:01:57","date_gmt":"2017-06-11T07:01:57","guid":{"rendered":"http:\/\/szentistvan.dnyem.hu\/?p=1406"},"modified":"2017-06-11T09:01:57","modified_gmt":"2017-06-11T07:01:57","slug":"keszuljunk-urnapjara","status":"publish","type":"post","link":"https:\/\/szentistvan.dnyem.hu\/?p=1406","title":{"rendered":"K\u00e9sz\u00fclj\u00fcnk \u00darnapj\u00e1ra!"},"content":{"rendered":"<p><strong>\u00darnapj\u00e1ra gy\u0171jts\u00fck folyamatosan a vir\u00e1gszirmokat<\/strong>, hogy b\u0151ven hinthess\u00e9k a gyerekek a k\u00f6rmeneten.<\/p>\n<p><strong>\u00darnapj\u00e1n 06.30-t\u00f3l az \u00farnapi s\u00e1trak fel\u00e1ll\u00edt\u00e1sa \u00e9s d\u00edsz\u00edt\u00e9se<\/strong>. \u00c9rezz\u00fck magunk\u00e9nak a s\u00e1tor\u00e1ll\u00edt\u00e1st \u00e9s a k\u00f6rmenet ut\u00e1n a s\u00e1trak elbont\u00e1s\u00e1t. <strong>Min\u00e9l t\u00f6bben v\u00e1llaljanak r\u00e9szt ebb\u0151l!<\/strong><\/p>\n","protected":false},"excerpt":{"rendered":"<p>\u00darnapj\u00e1ra gy\u0171jts\u00fck folyamatosan a vir\u00e1gszirmokat, hogy b\u0151ven hinthess\u00e9k a gyerekek a k\u00f6rmeneten. \u00darnapj\u00e1n 06.30-t\u00f3l az \u00farnapi s\u00e1trak fel\u00e1ll\u00edt\u00e1sa \u00e9s d\u00edsz\u00edt\u00e9se. \u00c9rezz\u00fck magunk\u00e9nak a s\u00e1tor\u00e1ll\u00edt\u00e1st \u00e9s&#8230;<\/p>\n","protected":false},"author":2,"featured_media":0,"comment_status":"closed","ping_status":"open","sticky":false,"template":"","format":"standard","meta":[],"categories":[1,2],"tags":[],"_links":{"self":[{"href":"https:\/\/szentistvan.dnyem.hu\/index.php?rest_route=\/wp\/v2\/posts\/1406"}],"collection":[{"href":"https:\/\/szentistvan.dnyem.hu\/index.php?rest_route=\/wp\/v2\/posts"}],"about":[{"href":"https:\/\/szentistvan.dnyem.hu\/index.php?rest_route=\/wp\/v2\/types\/post"}],"author":[{"embeddable":true,"href":"https:\/\/szentistvan.dnyem.hu\/index.php?rest_route=\/wp\/v2\/users\/2"}],"replies":[{"embeddable":true,"href":"https:\/\/szentistvan.dnyem.hu\/index.php?rest_route=%2Fwp%2Fv2%2Fcomments&post=1406"}],"version-history":[{"count":1,"href":"https:\/\/szentistvan.dnyem.hu\/index.php?rest_route=\/wp\/v2\/posts\/1406\/revisions"}],"predecessor-version":[{"id":1407,"href":"https:\/\/szentistvan.dnyem.hu\/index.php?rest_route=\/wp\/v2\/posts\/1406\/revisions\/1407"}],"wp:attachment":[{"href":"https:\/\/szentistvan.dnyem.hu\/index.php?rest_route=%2Fwp%2Fv2%2Fmedia&parent=1406"}],"wp:term":[{"taxonomy":"category","embeddable":true,"href":"https:\/\/szentistvan.dnyem.hu\/index.php?rest_route=%2Fwp%2Fv2%2Fcategories&post=1406"},{"taxonomy":"post_tag","embeddable":true,"href":"https:\/\/szentistvan.dnyem.hu\/index.php?rest_route=%2Fwp%2Fv2%2Ftags&post=1406"}],"curies":[{"name":"wp","href":"https:\/\/api.w.org\/{rel}","templated":true}]}}