{"id":1404,"date":"2017-06-11T09:00:19","date_gmt":"2017-06-11T07:00:19","guid":{"rendered":"http:\/\/szentistvan.dnyem.hu\/?p=1404"},"modified":"2017-06-11T09:00:19","modified_gmt":"2017-06-11T07:00:19","slug":"szent-antal-kapolna-bucsuja","status":"publish","type":"post","link":"https:\/\/szentistvan.dnyem.hu\/?p=1404","title":{"rendered":"Szent Antal k\u00e1polna b\u00facs\u00faja"},"content":{"rendered":"<p><strong>Kedden (j\u00fanius 13-\u00e1n) este<\/strong> a Lenz telepi Szent Antal k\u00e1polna b\u00facs\u00faja.<\/p>\n<p>Pr\u00e9dik\u00e1l Ft. Kocsis Antal, klinikai g\u00f6r\u00f6g katolikus lelk\u00e9sz.<\/p>\n","protected":false},"excerpt":{"rendered":"<p>Kedden (j\u00fanius 13-\u00e1n) este a Lenz telepi Szent Antal k\u00e1polna b\u00facs\u00faja. Pr\u00e9dik\u00e1l Ft. Kocsis Antal, klinikai g\u00f6r\u00f6g katolikus lelk\u00e9sz.<\/p>\n","protected":false},"author":2,"featured_media":0,"comment_status":"closed","ping_status":"open","sticky":false,"template":"","format":"standard","meta":[],"categories":[2],"tags":[],"_links":{"self":[{"href":"https:\/\/szentistvan.dnyem.hu\/index.php?rest_route=\/wp\/v2\/posts\/1404"}],"collection":[{"href":"https:\/\/szentistvan.dnyem.hu\/index.php?rest_route=\/wp\/v2\/posts"}],"about":[{"href":"https:\/\/szentistvan.dnyem.hu\/index.php?rest_route=\/wp\/v2\/types\/post"}],"author":[{"embeddable":true,"href":"https:\/\/szentistvan.dnyem.hu\/index.php?rest_route=\/wp\/v2\/users\/2"}],"replies":[{"embeddable":true,"href":"https:\/\/szentistvan.dnyem.hu\/index.php?rest_route=%2Fwp%2Fv2%2Fcomments&post=1404"}],"version-history":[{"count":1,"href":"https:\/\/szentistvan.dnyem.hu\/index.php?rest_route=\/wp\/v2\/posts\/1404\/revisions"}],"predecessor-version":[{"id":1405,"href":"https:\/\/szentistvan.dnyem.hu\/index.php?rest_route=\/wp\/v2\/posts\/1404\/revisions\/1405"}],"wp:attachment":[{"href":"https:\/\/szentistvan.dnyem.hu\/index.php?rest_route=%2Fwp%2Fv2%2Fmedia&parent=1404"}],"wp:term":[{"taxonomy":"category","embeddable":true,"href":"https:\/\/szentistvan.dnyem.hu\/index.php?rest_route=%2Fwp%2Fv2%2Fcategories&post=1404"},{"taxonomy":"post_tag","embeddable":true,"href":"https:\/\/szentistvan.dnyem.hu\/index.php?rest_route=%2Fwp%2Fv2%2Ftags&post=1404"}],"curies":[{"name":"wp","href":"https:\/\/api.w.org\/{rel}","templated":true}]}}