{"id":1394,"date":"2017-06-02T15:24:20","date_gmt":"2017-06-02T13:24:20","guid":{"rendered":"http:\/\/szentistvan.dnyem.hu\/?p=1394"},"modified":"2017-06-18T13:00:44","modified_gmt":"2017-06-18T11:00:44","slug":"egyhazmegyei-szent-laszlo-unnepseg","status":"publish","type":"post","link":"https:\/\/szentistvan.dnyem.hu\/?p=1394","title":{"rendered":"Egyh\u00e1zmegyei Szent L\u00e1szl\u00f3 \u00fcnneps\u00e9g"},"content":{"rendered":"<p>Egyh\u00e1zmegyei Szent L\u00e1szl\u00f3 \u00fcnneps\u00e9g<strong> Szabolcson szombaton, j\u00fanius 24-\u00e9n.<\/strong><\/p>\n<p><strong>Indul\u00e1s 07.45-kor a Szenczi Moln\u00e1r Albert utc\u00e1r\u00f3l. Vissza\u00e9rkez\u00e9s kb. 16.00 k\u00f6r\u00fcl.<\/strong><\/p>\n<p><strong>A program:<\/strong><\/p>\n<ul>\n<li>10 \u00f3rakor fogadjuk Szent L\u00e1szl\u00f3 erekly\u00e9j\u00e9t a t\u00e1bori olt\u00e1rn\u00e1l<\/li>\n<li>10.15 \u00f3rakor katek\u00e9zis<\/li>\n<li>11 \u00f3rakor \u00fcnnepi szentmise<\/li>\n<li>az eml\u00e9k\u00e9vi ki\u00e1ll\u00edt\u00e1s megtekint\u00e9se a Mudr\u00e1ny-k\u00fari\u00e1ban.<\/li>\n<\/ul>\n","protected":false},"excerpt":{"rendered":"<p>Egyh\u00e1zmegyei Szent L\u00e1szl\u00f3 \u00fcnneps\u00e9g Szabolcson szombaton, j\u00fanius 24-\u00e9n. Indul\u00e1s 07.45-kor a Szenczi Moln\u00e1r Albert utc\u00e1r\u00f3l. Vissza\u00e9rkez\u00e9s kb. 16.00 k\u00f6r\u00fcl. A program: 10 \u00f3rakor fogadjuk Szent&#8230;<\/p>\n","protected":false},"author":2,"featured_media":0,"comment_status":"closed","ping_status":"open","sticky":false,"template":"","format":"standard","meta":[],"categories":[2],"tags":[],"_links":{"self":[{"href":"https:\/\/szentistvan.dnyem.hu\/index.php?rest_route=\/wp\/v2\/posts\/1394"}],"collection":[{"href":"https:\/\/szentistvan.dnyem.hu\/index.php?rest_route=\/wp\/v2\/posts"}],"about":[{"href":"https:\/\/szentistvan.dnyem.hu\/index.php?rest_route=\/wp\/v2\/types\/post"}],"author":[{"embeddable":true,"href":"https:\/\/szentistvan.dnyem.hu\/index.php?rest_route=\/wp\/v2\/users\/2"}],"replies":[{"embeddable":true,"href":"https:\/\/szentistvan.dnyem.hu\/index.php?rest_route=%2Fwp%2Fv2%2Fcomments&post=1394"}],"version-history":[{"count":2,"href":"https:\/\/szentistvan.dnyem.hu\/index.php?rest_route=\/wp\/v2\/posts\/1394\/revisions"}],"predecessor-version":[{"id":1420,"href":"https:\/\/szentistvan.dnyem.hu\/index.php?rest_route=\/wp\/v2\/posts\/1394\/revisions\/1420"}],"wp:attachment":[{"href":"https:\/\/szentistvan.dnyem.hu\/index.php?rest_route=%2Fwp%2Fv2%2Fmedia&parent=1394"}],"wp:term":[{"taxonomy":"category","embeddable":true,"href":"https:\/\/szentistvan.dnyem.hu\/index.php?rest_route=%2Fwp%2Fv2%2Fcategories&post=1394"},{"taxonomy":"post_tag","embeddable":true,"href":"https:\/\/szentistvan.dnyem.hu\/index.php?rest_route=%2Fwp%2Fv2%2Ftags&post=1394"}],"curies":[{"name":"wp","href":"https:\/\/api.w.org\/{rel}","templated":true}]}}