{"id":1392,"date":"2017-06-02T15:21:27","date_gmt":"2017-06-02T13:21:27","guid":{"rendered":"http:\/\/szentistvan.dnyem.hu\/?p=1392"},"modified":"2017-06-02T15:21:27","modified_gmt":"2017-06-02T13:21:27","slug":"evkozi-ido-folytatasa","status":"publish","type":"post","link":"https:\/\/szentistvan.dnyem.hu\/?p=1392","title":{"rendered":"\u00c9vk\u00f6zi id\u0151 folytat\u00e1sa"},"content":{"rendered":"<p><strong>P\u00fcnk\u00f6sddel befejez\u0151dik a h\u00fasv\u00e9ti id\u0151szak \u00e9s megkezd\u0151dik az \u00e9vk\u00f6zi id\u0151 H\u00fasv\u00e9t ut\u00e1ni r\u00e9sze. <\/strong><\/p>\n<p><strong>A Mennynek kir\u00e1lyn\u00e9 asszonya h\u00fasv\u00e9ti antif\u00f3na helyett \u00fajra im\u00e1dkozzuk az \u00dar Angyal\u00e1t naponta h\u00e1romszor.<\/strong><\/p>\n","protected":false},"excerpt":{"rendered":"<p>P\u00fcnk\u00f6sddel befejez\u0151dik a h\u00fasv\u00e9ti id\u0151szak \u00e9s megkezd\u0151dik az \u00e9vk\u00f6zi id\u0151 H\u00fasv\u00e9t ut\u00e1ni r\u00e9sze. A Mennynek kir\u00e1lyn\u00e9 asszonya h\u00fasv\u00e9ti antif\u00f3na helyett \u00fajra im\u00e1dkozzuk az \u00dar Angyal\u00e1t&#8230;<\/p>\n","protected":false},"author":2,"featured_media":0,"comment_status":"closed","ping_status":"open","sticky":false,"template":"","format":"standard","meta":[],"categories":[1],"tags":[],"_links":{"self":[{"href":"https:\/\/szentistvan.dnyem.hu\/index.php?rest_route=\/wp\/v2\/posts\/1392"}],"collection":[{"href":"https:\/\/szentistvan.dnyem.hu\/index.php?rest_route=\/wp\/v2\/posts"}],"about":[{"href":"https:\/\/szentistvan.dnyem.hu\/index.php?rest_route=\/wp\/v2\/types\/post"}],"author":[{"embeddable":true,"href":"https:\/\/szentistvan.dnyem.hu\/index.php?rest_route=\/wp\/v2\/users\/2"}],"replies":[{"embeddable":true,"href":"https:\/\/szentistvan.dnyem.hu\/index.php?rest_route=%2Fwp%2Fv2%2Fcomments&post=1392"}],"version-history":[{"count":1,"href":"https:\/\/szentistvan.dnyem.hu\/index.php?rest_route=\/wp\/v2\/posts\/1392\/revisions"}],"predecessor-version":[{"id":1393,"href":"https:\/\/szentistvan.dnyem.hu\/index.php?rest_route=\/wp\/v2\/posts\/1392\/revisions\/1393"}],"wp:attachment":[{"href":"https:\/\/szentistvan.dnyem.hu\/index.php?rest_route=%2Fwp%2Fv2%2Fmedia&parent=1392"}],"wp:term":[{"taxonomy":"category","embeddable":true,"href":"https:\/\/szentistvan.dnyem.hu\/index.php?rest_route=%2Fwp%2Fv2%2Fcategories&post=1392"},{"taxonomy":"post_tag","embeddable":true,"href":"https:\/\/szentistvan.dnyem.hu\/index.php?rest_route=%2Fwp%2Fv2%2Ftags&post=1392"}],"curies":[{"name":"wp","href":"https:\/\/api.w.org\/{rel}","templated":true}]}}