{"id":1389,"date":"2017-06-02T15:25:02","date_gmt":"2017-06-02T13:25:02","guid":{"rendered":"http:\/\/szentistvan.dnyem.hu\/?p=1389"},"modified":"2017-06-18T13:05:53","modified_gmt":"2017-06-18T11:05:53","slug":"legfontosabb-tudnivalok-az-oltariszentsegrol-1-resz","status":"publish","type":"post","link":"https:\/\/szentistvan.dnyem.hu\/?p=1389","title":{"rendered":"A legfontosabb tudnival\u00f3k az Olt\u00e1riszents\u00e9gr\u0151l (1. r\u00e9sz)"},"content":{"rendered":"<ul>\n<li>Hogyan vesz\u00fcnk r\u00e9szt a szentmis\u00e9n?\n<ul>\n<li>A szentmis\u00e9n befogadjuk Isten Ig\u00e9j\u00e9t, \u00e1ldozatul felaj\u00e1nljuk magunkat J\u00e9zus Krisztussal az Aty\u00e1nak, \u00e9s lehet\u0151leg meg\u00e1ldozunk.<\/li>\n<\/ul>\n<\/li>\n<li>Mi az Eukarisztia, vagyis az Olt\u00e1riszents\u00e9g?\n<ul>\n<li>Az Eukarisztia, vagyis az Olt\u00e1riszents\u00e9g az \u00dar J\u00e9zus val\u00f3s\u00e1gos teste \u00e9s v\u00e9re a keny\u00e9r \u00e9s bor sz\u00edne alatt.<\/li>\n<\/ul>\n<\/li>\n<li>Hogyan van jelen J\u00e9zus az Olt\u00e1riszents\u00e9gben?\n<ul>\n<li>Az Olt\u00e1riszents\u00e9gben a felt\u00e1madt J\u00e9zus van jelen istens\u00e9g\u00e9vel \u00e9s embers\u00e9g\u00e9vel, test\u00e9vel \u00e9s v\u00e9r\u00e9vel, eg\u00e9szen \u00e9s osztatlanul, mindk\u00e9t sz\u00edn (keny\u00e9r \u00e9s bor) alatt.<\/li>\n<\/ul>\n<\/li>\n<li>Hogyan k\u00f6sz\u00f6ntj\u00fck az \u00dar J\u00e9zust az Olt\u00e1riszents\u00e9gben?\n<ul>\n<li>Az \u00dar J\u00e9zust t\u00e9rdhajt\u00e1ssal k\u00f6sz\u00f6ntj\u00fck az Olt\u00e1riszents\u00e9gben.<\/li>\n<\/ul>\n<\/li>\n<li>Mi t\u00f6rt\u00e9nik, amikor \u00e1ldozunk?\n<ul>\n<li>Amikor \u00e1ldozunk, az \u00dar J\u00e9zus test\u00e9t \u00e9s v\u00e9r\u00e9t vessz\u00fck magunkhoz.<\/li>\n<\/ul>\n<\/li>\n<li>Mi a szent\u00e1ldoz\u00e1s hat\u00e1sa?\n<ul>\n<li>A szent\u00e1ldoz\u00e1s egyes\u00edt J\u00e9zussal, n\u00f6veli benn\u00fcnk a szeretetet \u00e9s az istengyermeki \u00e9letet, er\u0151s\u00edti benn\u00fcnk az Egyh\u00e1zhoz tartoz\u00e1st \u00e9s az \u00f6r\u00f6k \u00e9let z\u00e1log\u00e1t adja nek\u00fcnk.<\/li>\n<\/ul>\n<\/li>\n<li>Hogyan k\u00f6sz\u00f6ntik a g\u00f6r\u00f6g \u00e9s \u00f6rm\u00e9ny r\u00edtus\u00fa katolikusok az Eukariszti\u00e1t?\n<ul>\n<li>A g\u00f6r\u00f6g \u00e9s \u00f6rm\u00e9ny r\u00edtus\u00fa katolikusok m\u00e9ly meghajl\u00e1ssal (met\u00e1nia) k\u00f6sz\u00f6ntik az Eukariszti\u00e1t.<\/li>\n<\/ul>\n<\/li>\n<\/ul>\n<p><a href=\"http:\/\/szentistvan.dnyem.hu\/?p=1397\">2. r\u00e9sz<\/a><\/p>\n<p><a href=\"http:\/\/szentistvan.dnyem.hu\/?p=1410\">3. r\u00e9sz<\/a><\/p>\n<p><a href=\"http:\/\/szentistvan.dnyem.hu\/?p=1421\">4. r\u00e9sz<\/a><\/p>\n","protected":false},"excerpt":{"rendered":"<p>Hogyan vesz\u00fcnk r\u00e9szt a szentmis\u00e9n? A szentmis\u00e9n befogadjuk Isten Ig\u00e9j\u00e9t, \u00e1ldozatul felaj\u00e1nljuk magunkat J\u00e9zus Krisztussal az Aty\u00e1nak, \u00e9s lehet\u0151leg meg\u00e1ldozunk. Mi az Eukarisztia, vagyis az&#8230;<\/p>\n","protected":false},"author":2,"featured_media":0,"comment_status":"closed","ping_status":"open","sticky":false,"template":"","format":"standard","meta":[],"categories":[1],"tags":[],"_links":{"self":[{"href":"https:\/\/szentistvan.dnyem.hu\/index.php?rest_route=\/wp\/v2\/posts\/1389"}],"collection":[{"href":"https:\/\/szentistvan.dnyem.hu\/index.php?rest_route=\/wp\/v2\/posts"}],"about":[{"href":"https:\/\/szentistvan.dnyem.hu\/index.php?rest_route=\/wp\/v2\/types\/post"}],"author":[{"embeddable":true,"href":"https:\/\/szentistvan.dnyem.hu\/index.php?rest_route=\/wp\/v2\/users\/2"}],"replies":[{"embeddable":true,"href":"https:\/\/szentistvan.dnyem.hu\/index.php?rest_route=%2Fwp%2Fv2%2Fcomments&post=1389"}],"version-history":[{"count":6,"href":"https:\/\/szentistvan.dnyem.hu\/index.php?rest_route=\/wp\/v2\/posts\/1389\/revisions"}],"predecessor-version":[{"id":1424,"href":"https:\/\/szentistvan.dnyem.hu\/index.php?rest_route=\/wp\/v2\/posts\/1389\/revisions\/1424"}],"wp:attachment":[{"href":"https:\/\/szentistvan.dnyem.hu\/index.php?rest_route=%2Fwp%2Fv2%2Fmedia&parent=1389"}],"wp:term":[{"taxonomy":"category","embeddable":true,"href":"https:\/\/szentistvan.dnyem.hu\/index.php?rest_route=%2Fwp%2Fv2%2Fcategories&post=1389"},{"taxonomy":"post_tag","embeddable":true,"href":"https:\/\/szentistvan.dnyem.hu\/index.php?rest_route=%2Fwp%2Fv2%2Ftags&post=1389"}],"curies":[{"name":"wp","href":"https:\/\/api.w.org\/{rel}","templated":true}]}}