{"id":1387,"date":"2017-05-28T16:26:32","date_gmt":"2017-05-28T14:26:32","guid":{"rendered":"http:\/\/szentistvan.dnyem.hu\/?p=1387"},"modified":"2017-05-28T16:26:32","modified_gmt":"2017-05-28T14:26:32","slug":"fiuministrans-tabor","status":"publish","type":"post","link":"https:\/\/szentistvan.dnyem.hu\/?p=1387","title":{"rendered":"Fi\u00faministr\u00e1ns-t\u00e1bor"},"content":{"rendered":"<p>Ezen a ny\u00e1ron 8 \u00e9s 16 \u00e9v k\u00f6z\u00f6tti fi\u00faministr\u00e1nsok sz\u00e1m\u00e1ra t\u00e1bor lesz <strong>Debrecenben a Szent J\u00f3zsef Koll\u00e9giumban j\u00falius 24-29. k\u00f6z\u00f6tt.<\/strong><\/p>\n<p>A t\u00e1boroztat\u00e1s k\u00f6lts\u00e9ge 15.000.-Ft, amelyb\u0151l <strong>10.000,- Ft<\/strong> terheli a r\u00e9sztvev\u0151t.<\/p>\n<p><strong>Jelentkezni lehet a kit\u00f6lt\u00f6tt jelentkez\u00e9si lap lead\u00e1s\u00e1val n\u00e1lam j\u00fanius 17-ig.<\/strong><\/p>\n","protected":false},"excerpt":{"rendered":"<p>Ezen a ny\u00e1ron 8 \u00e9s 16 \u00e9v k\u00f6z\u00f6tti fi\u00faministr\u00e1nsok sz\u00e1m\u00e1ra t\u00e1bor lesz Debrecenben a Szent J\u00f3zsef Koll\u00e9giumban j\u00falius 24-29. k\u00f6z\u00f6tt. A t\u00e1boroztat\u00e1s k\u00f6lts\u00e9ge 15.000.-Ft, amelyb\u0151l&#8230;<\/p>\n","protected":false},"author":2,"featured_media":0,"comment_status":"closed","ping_status":"open","sticky":false,"template":"","format":"standard","meta":[],"categories":[2],"tags":[],"_links":{"self":[{"href":"https:\/\/szentistvan.dnyem.hu\/index.php?rest_route=\/wp\/v2\/posts\/1387"}],"collection":[{"href":"https:\/\/szentistvan.dnyem.hu\/index.php?rest_route=\/wp\/v2\/posts"}],"about":[{"href":"https:\/\/szentistvan.dnyem.hu\/index.php?rest_route=\/wp\/v2\/types\/post"}],"author":[{"embeddable":true,"href":"https:\/\/szentistvan.dnyem.hu\/index.php?rest_route=\/wp\/v2\/users\/2"}],"replies":[{"embeddable":true,"href":"https:\/\/szentistvan.dnyem.hu\/index.php?rest_route=%2Fwp%2Fv2%2Fcomments&post=1387"}],"version-history":[{"count":1,"href":"https:\/\/szentistvan.dnyem.hu\/index.php?rest_route=\/wp\/v2\/posts\/1387\/revisions"}],"predecessor-version":[{"id":1388,"href":"https:\/\/szentistvan.dnyem.hu\/index.php?rest_route=\/wp\/v2\/posts\/1387\/revisions\/1388"}],"wp:attachment":[{"href":"https:\/\/szentistvan.dnyem.hu\/index.php?rest_route=%2Fwp%2Fv2%2Fmedia&parent=1387"}],"wp:term":[{"taxonomy":"category","embeddable":true,"href":"https:\/\/szentistvan.dnyem.hu\/index.php?rest_route=%2Fwp%2Fv2%2Fcategories&post=1387"},{"taxonomy":"post_tag","embeddable":true,"href":"https:\/\/szentistvan.dnyem.hu\/index.php?rest_route=%2Fwp%2Fv2%2Ftags&post=1387"}],"curies":[{"name":"wp","href":"https:\/\/api.w.org\/{rel}","templated":true}]}}