{"id":1382,"date":"2017-05-21T14:18:41","date_gmt":"2017-05-21T12:18:41","guid":{"rendered":"http:\/\/szentistvan.dnyem.hu\/?p=1382"},"modified":"2017-05-21T14:18:41","modified_gmt":"2017-05-21T12:18:41","slug":"punkosdi-kilenced","status":"publish","type":"post","link":"https:\/\/szentistvan.dnyem.hu\/?p=1382","title":{"rendered":"P\u00fcnk\u00f6sdi kilenced"},"content":{"rendered":"<p><strong>Tartsunk p\u00fcnk\u00f6sdi kilencedet a Szentl\u00e9lekhez m\u00e1j. 26-t\u00f3l j\u00fan 3-ig.<\/strong><\/p>\n<p>Ennek a c\u00e9lnak megfelel a <a href=\"http:\/\/oratio.hu\/l-lelek01.php\">Szentl\u00e9lek-lit\u00e1nia<\/a> elim\u00e1dkoz\u00e1sa. Akinek nem \u00e1llna a rendelkez\u00e9s\u00e9re, elviheti az \u00fajs\u00e1gos asztalr\u00f3l.<\/p>\n","protected":false},"excerpt":{"rendered":"<p>Tartsunk p\u00fcnk\u00f6sdi kilencedet a Szentl\u00e9lekhez m\u00e1j. 26-t\u00f3l j\u00fan 3-ig. Ennek a c\u00e9lnak megfelel a Szentl\u00e9lek-lit\u00e1nia elim\u00e1dkoz\u00e1sa. Akinek nem \u00e1llna a rendelkez\u00e9s\u00e9re, elviheti az \u00fajs\u00e1gos asztalr\u00f3l.<\/p>\n","protected":false},"author":2,"featured_media":0,"comment_status":"closed","ping_status":"open","sticky":false,"template":"","format":"standard","meta":[],"categories":[1,2],"tags":[],"_links":{"self":[{"href":"https:\/\/szentistvan.dnyem.hu\/index.php?rest_route=\/wp\/v2\/posts\/1382"}],"collection":[{"href":"https:\/\/szentistvan.dnyem.hu\/index.php?rest_route=\/wp\/v2\/posts"}],"about":[{"href":"https:\/\/szentistvan.dnyem.hu\/index.php?rest_route=\/wp\/v2\/types\/post"}],"author":[{"embeddable":true,"href":"https:\/\/szentistvan.dnyem.hu\/index.php?rest_route=\/wp\/v2\/users\/2"}],"replies":[{"embeddable":true,"href":"https:\/\/szentistvan.dnyem.hu\/index.php?rest_route=%2Fwp%2Fv2%2Fcomments&post=1382"}],"version-history":[{"count":1,"href":"https:\/\/szentistvan.dnyem.hu\/index.php?rest_route=\/wp\/v2\/posts\/1382\/revisions"}],"predecessor-version":[{"id":1383,"href":"https:\/\/szentistvan.dnyem.hu\/index.php?rest_route=\/wp\/v2\/posts\/1382\/revisions\/1383"}],"wp:attachment":[{"href":"https:\/\/szentistvan.dnyem.hu\/index.php?rest_route=%2Fwp%2Fv2%2Fmedia&parent=1382"}],"wp:term":[{"taxonomy":"category","embeddable":true,"href":"https:\/\/szentistvan.dnyem.hu\/index.php?rest_route=%2Fwp%2Fv2%2Fcategories&post=1382"},{"taxonomy":"post_tag","embeddable":true,"href":"https:\/\/szentistvan.dnyem.hu\/index.php?rest_route=%2Fwp%2Fv2%2Ftags&post=1382"}],"curies":[{"name":"wp","href":"https:\/\/api.w.org\/{rel}","templated":true}]}}