{"id":1380,"date":"2017-05-21T14:15:06","date_gmt":"2017-05-21T12:15:06","guid":{"rendered":"http:\/\/szentistvan.dnyem.hu\/?p=1380"},"modified":"2017-05-21T14:15:06","modified_gmt":"2017-05-21T12:15:06","slug":"a-beke-szertartasa-helyesen-a-szentmisen","status":"publish","type":"post","link":"https:\/\/szentistvan.dnyem.hu\/?p=1380","title":{"rendered":"A b\u00e9ke szertart\u00e1sa helyesen a szentmis\u00e9n"},"content":{"rendered":"<p><strong>Kezelj\u00fck hely\u00e9n a b\u00e9ke szertart\u00e1s\u00e1t:<\/strong><\/p>\n<p>A pap felsz\u00f3l\u00edtja a h\u00edveket az egym\u00e1ssal val\u00f3 kiengesztel\u0151d\u00e9sre: \u201eK\u00f6sz\u00f6nts\u00e9tek egym\u00e1st a b\u00e9ke jel\u00e9vel!\u201d Amire \u00edgy v\u00e1laszolnak: <strong>\u201eLegyen b\u00e9kess\u00e9g k\u00f6zt\u00fcnk mindenkor.\u201d<\/strong><\/p>\n<p><strong>Csak ennek elhangz\u00e1sa ut\u00e1n<\/strong> az egym\u00e1s mellett l\u00e9v\u0151k k\u00e9zfog\u00e1ssal vagy egy\u00e9b m\u00f3don (csal\u00e1dtagok pl. cs\u00f3kkal) kifejez\u00e9s\u00e9t adj\u00e1k annak, hogy k\u00e9szek a kiengesztel\u0151d\u00e9sre.<\/p>\n<p>A k\u00e9zfog\u00e1s t\u00f6rt\u00e9nhet csendben vagy a \u201eb\u00e9ke veled\u201d szavak k\u00eds\u00e9ret\u00e9ben. Teh\u00e1t<strong> v\u00e1rjuk ki t\u00fcrelemmel \u00e9s ne hamarkodjuk el!<\/strong><\/p>\n<p>Majd ezt k\u00f6vet\u0151en kezdj\u00fck im\u00e1dkozni vagy \u00e9nekelni az Isten B\u00e1r\u00e1ny\u00e1t.<\/p>\n","protected":false},"excerpt":{"rendered":"<p>Kezelj\u00fck hely\u00e9n a b\u00e9ke szertart\u00e1s\u00e1t: A pap felsz\u00f3l\u00edtja a h\u00edveket az egym\u00e1ssal val\u00f3 kiengesztel\u0151d\u00e9sre: \u201eK\u00f6sz\u00f6nts\u00e9tek egym\u00e1st a b\u00e9ke jel\u00e9vel!\u201d Amire \u00edgy v\u00e1laszolnak: \u201eLegyen b\u00e9kess\u00e9g k\u00f6zt\u00fcnk&#8230;<\/p>\n","protected":false},"author":2,"featured_media":0,"comment_status":"closed","ping_status":"open","sticky":false,"template":"","format":"standard","meta":[],"categories":[1],"tags":[],"_links":{"self":[{"href":"https:\/\/szentistvan.dnyem.hu\/index.php?rest_route=\/wp\/v2\/posts\/1380"}],"collection":[{"href":"https:\/\/szentistvan.dnyem.hu\/index.php?rest_route=\/wp\/v2\/posts"}],"about":[{"href":"https:\/\/szentistvan.dnyem.hu\/index.php?rest_route=\/wp\/v2\/types\/post"}],"author":[{"embeddable":true,"href":"https:\/\/szentistvan.dnyem.hu\/index.php?rest_route=\/wp\/v2\/users\/2"}],"replies":[{"embeddable":true,"href":"https:\/\/szentistvan.dnyem.hu\/index.php?rest_route=%2Fwp%2Fv2%2Fcomments&post=1380"}],"version-history":[{"count":1,"href":"https:\/\/szentistvan.dnyem.hu\/index.php?rest_route=\/wp\/v2\/posts\/1380\/revisions"}],"predecessor-version":[{"id":1381,"href":"https:\/\/szentistvan.dnyem.hu\/index.php?rest_route=\/wp\/v2\/posts\/1380\/revisions\/1381"}],"wp:attachment":[{"href":"https:\/\/szentistvan.dnyem.hu\/index.php?rest_route=%2Fwp%2Fv2%2Fmedia&parent=1380"}],"wp:term":[{"taxonomy":"category","embeddable":true,"href":"https:\/\/szentistvan.dnyem.hu\/index.php?rest_route=%2Fwp%2Fv2%2Fcategories&post=1380"},{"taxonomy":"post_tag","embeddable":true,"href":"https:\/\/szentistvan.dnyem.hu\/index.php?rest_route=%2Fwp%2Fv2%2Ftags&post=1380"}],"curies":[{"name":"wp","href":"https:\/\/api.w.org\/{rel}","templated":true}]}}