{"id":1371,"date":"2017-05-14T12:43:44","date_gmt":"2017-05-14T10:43:44","guid":{"rendered":"http:\/\/szentistvan.dnyem.hu\/?p=1371"},"modified":"2017-05-14T12:43:44","modified_gmt":"2017-05-14T10:43:44","slug":"unnepelyes-puspoki-szentmise","status":"publish","type":"post","link":"https:\/\/szentistvan.dnyem.hu\/?p=1371","title":{"rendered":"\u00dcnnep\u00e9lyes p\u00fcsp\u00f6ki szentmise"},"content":{"rendered":"<p><strong>Ma, m\u00e1jus 14-\u00e9n 19:00-kor \u00fcnnep\u00e9lyes p\u00fcsp\u00f6ki szentmise lesz a Szent L\u00e1szl\u00f3 ereklye jelenl\u00e9t\u00e9ben a Szent Anna-Sz\u00e9kesegyh\u00e1zban.<\/strong><\/p>\n<p>Erre is szeretettel h\u00edvunk \u00e9s v\u00e1runk mindenkit.<\/p>\n","protected":false},"excerpt":{"rendered":"<p>Ma, m\u00e1jus 14-\u00e9n 19:00-kor \u00fcnnep\u00e9lyes p\u00fcsp\u00f6ki szentmise lesz a Szent L\u00e1szl\u00f3 ereklye jelenl\u00e9t\u00e9ben a Szent Anna-Sz\u00e9kesegyh\u00e1zban. Erre is szeretettel h\u00edvunk \u00e9s v\u00e1runk mindenkit.<\/p>\n","protected":false},"author":2,"featured_media":0,"comment_status":"closed","ping_status":"open","sticky":false,"template":"","format":"standard","meta":[],"categories":[2],"tags":[],"_links":{"self":[{"href":"https:\/\/szentistvan.dnyem.hu\/index.php?rest_route=\/wp\/v2\/posts\/1371"}],"collection":[{"href":"https:\/\/szentistvan.dnyem.hu\/index.php?rest_route=\/wp\/v2\/posts"}],"about":[{"href":"https:\/\/szentistvan.dnyem.hu\/index.php?rest_route=\/wp\/v2\/types\/post"}],"author":[{"embeddable":true,"href":"https:\/\/szentistvan.dnyem.hu\/index.php?rest_route=\/wp\/v2\/users\/2"}],"replies":[{"embeddable":true,"href":"https:\/\/szentistvan.dnyem.hu\/index.php?rest_route=%2Fwp%2Fv2%2Fcomments&post=1371"}],"version-history":[{"count":1,"href":"https:\/\/szentistvan.dnyem.hu\/index.php?rest_route=\/wp\/v2\/posts\/1371\/revisions"}],"predecessor-version":[{"id":1372,"href":"https:\/\/szentistvan.dnyem.hu\/index.php?rest_route=\/wp\/v2\/posts\/1371\/revisions\/1372"}],"wp:attachment":[{"href":"https:\/\/szentistvan.dnyem.hu\/index.php?rest_route=%2Fwp%2Fv2%2Fmedia&parent=1371"}],"wp:term":[{"taxonomy":"category","embeddable":true,"href":"https:\/\/szentistvan.dnyem.hu\/index.php?rest_route=%2Fwp%2Fv2%2Fcategories&post=1371"},{"taxonomy":"post_tag","embeddable":true,"href":"https:\/\/szentistvan.dnyem.hu\/index.php?rest_route=%2Fwp%2Fv2%2Ftags&post=1371"}],"curies":[{"name":"wp","href":"https:\/\/api.w.org\/{rel}","templated":true}]}}