{"id":1363,"date":"2017-04-30T18:48:23","date_gmt":"2017-04-30T16:48:23","guid":{"rendered":"http:\/\/szentistvan.dnyem.hu\/?p=1363"},"modified":"2017-04-30T18:48:23","modified_gmt":"2017-04-30T16:48:23","slug":"szent-laszlo-ereklyeje-debrecenben","status":"publish","type":"post","link":"https:\/\/szentistvan.dnyem.hu\/?p=1363","title":{"rendered":"Szent L\u00e1szl\u00f3 erekly\u00e9je Debrecenben"},"content":{"rendered":"<p><strong>M\u00e1jus 13-\u00e1n 17:30-ra<\/strong> hozz\u00e1k Gy\u0151rb\u0151l Szent L\u00e1szl\u00f3 koponyatet\u0151-erekly\u00e9j\u00e9t, amelynek fogad\u00e1s\u00e1ra a <strong>Szent Anna-Sz\u00e9kesegyh\u00e1z el\u0151tt<\/strong> mindenkit h\u00edvunk \u00e9s v\u00e1runk.<\/p>\n<p>Az ereklye fogad\u00e1sa ut\u00e1n <strong>18:00-kor kezd\u0151dik a szentmise.<\/strong><\/p>\n<p>A szentmise ut\u00e1n<strong> \u00e9nekes ima\u00f3r\u00e1n vehet\u00fcnk r\u00e9szt<\/strong> a tiszteletrem\u00e9lt\u00f3 ereklye jelenl\u00e9t\u00e9ben<strong> 21:00-ig.<\/strong><\/p>\n<p><strong>M\u00e1snap, m\u00e1jus 14-\u00e9n 19:00-kor \u00fcnnep\u00e9lyes p\u00fcsp\u00f6ki szentmise lesz \u2013 az ereklye jelenl\u00e9t\u00e9ben \u2013 a Szent Anna-Sz\u00e9kesegyh\u00e1zban.<\/strong> Erre is szeretettel h\u00edvunk \u00e9s v\u00e1runk mindenkit.<\/p>\n","protected":false},"excerpt":{"rendered":"<p>M\u00e1jus 13-\u00e1n 17:30-ra hozz\u00e1k Gy\u0151rb\u0151l Szent L\u00e1szl\u00f3 koponyatet\u0151-erekly\u00e9j\u00e9t, amelynek fogad\u00e1s\u00e1ra a Szent Anna-Sz\u00e9kesegyh\u00e1z el\u0151tt mindenkit h\u00edvunk \u00e9s v\u00e1runk. Az ereklye fogad\u00e1sa ut\u00e1n 18:00-kor kezd\u0151dik a&#8230;<\/p>\n","protected":false},"author":2,"featured_media":0,"comment_status":"closed","ping_status":"open","sticky":false,"template":"","format":"standard","meta":[],"categories":[2],"tags":[],"_links":{"self":[{"href":"https:\/\/szentistvan.dnyem.hu\/index.php?rest_route=\/wp\/v2\/posts\/1363"}],"collection":[{"href":"https:\/\/szentistvan.dnyem.hu\/index.php?rest_route=\/wp\/v2\/posts"}],"about":[{"href":"https:\/\/szentistvan.dnyem.hu\/index.php?rest_route=\/wp\/v2\/types\/post"}],"author":[{"embeddable":true,"href":"https:\/\/szentistvan.dnyem.hu\/index.php?rest_route=\/wp\/v2\/users\/2"}],"replies":[{"embeddable":true,"href":"https:\/\/szentistvan.dnyem.hu\/index.php?rest_route=%2Fwp%2Fv2%2Fcomments&post=1363"}],"version-history":[{"count":2,"href":"https:\/\/szentistvan.dnyem.hu\/index.php?rest_route=\/wp\/v2\/posts\/1363\/revisions"}],"predecessor-version":[{"id":1370,"href":"https:\/\/szentistvan.dnyem.hu\/index.php?rest_route=\/wp\/v2\/posts\/1363\/revisions\/1370"}],"wp:attachment":[{"href":"https:\/\/szentistvan.dnyem.hu\/index.php?rest_route=%2Fwp%2Fv2%2Fmedia&parent=1363"}],"wp:term":[{"taxonomy":"category","embeddable":true,"href":"https:\/\/szentistvan.dnyem.hu\/index.php?rest_route=%2Fwp%2Fv2%2Fcategories&post=1363"},{"taxonomy":"post_tag","embeddable":true,"href":"https:\/\/szentistvan.dnyem.hu\/index.php?rest_route=%2Fwp%2Fv2%2Ftags&post=1363"}],"curies":[{"name":"wp","href":"https:\/\/api.w.org\/{rel}","templated":true}]}}