{"id":1347,"date":"2017-04-22T17:08:14","date_gmt":"2017-04-22T15:08:14","guid":{"rendered":"http:\/\/szentistvan.dnyem.hu\/?p=1347"},"modified":"2017-04-30T18:42:34","modified_gmt":"2017-04-30T16:42:34","slug":"egyhazkozsegi-majalis-2","status":"publish","type":"post","link":"https:\/\/szentistvan.dnyem.hu\/?p=1347","title":{"rendered":"XXII. egyh\u00e1zk\u00f6zs\u00e9gi maj\u00e1lis"},"content":{"rendered":"<p>Egyh\u00e1zk\u00f6zs\u00e9g\u00fcnk 22. maj\u00e1lis\u00e1t<\/p>\n<p><strong>m\u00e1jus 1-\u00e9n, h\u00e9tf\u0151n<\/strong> tartjuk a templomkertben. Ami v\u00e1r r\u00e1nk:<\/p>\n<table width=\"98%\">\n<tbody>\n<tr>\n<td style=\"text-align: center;\" width=\"24%\"><strong>\u00f3ra<\/strong><\/td>\n<td style=\"text-align: center;\" width=\"51%\"><strong>program<\/strong><\/td>\n<td style=\"text-align: center;\" width=\"24%\"><strong>helysz\u00edn<\/strong><\/td>\n<\/tr>\n<tr>\n<td width=\"24%\">09.00<\/td>\n<td width=\"51%\">r\u00f3zsaf\u00fcz\u00e9r-im\u00e1dkoz\u00e1s<\/td>\n<td width=\"24%\">templom<\/td>\n<\/tr>\n<tr>\n<td width=\"24%\">09.30<\/td>\n<td width=\"51%\">szentmise munk\u00e1s Szent J\u00f3zsef tisztelet\u00e9re<\/td>\n<td width=\"24%\">templom<\/td>\n<\/tr>\n<tr>\n<td width=\"24%\">10.30 &#8211; 10.45<\/td>\n<td width=\"51%\">sz\u00fcnet<\/td>\n<td width=\"24%\">templomkert<\/td>\n<\/tr>\n<tr>\n<td width=\"24%\">10.45 &#8211; 12.00<\/td>\n<td width=\"51%\"><strong>gyerekeknek<\/strong>:<\/p>\n<p>k\u00e9zm\u0171ves foglalkoz\u00e1s \u00e9s j\u00e1t\u00e9k<\/td>\n<td width=\"24%\">templomkert<\/td>\n<\/tr>\n<tr>\n<td width=\"24%\">10.45 &#8211; 12.00<\/td>\n<td width=\"51%\"><strong>feln\u0151tteknek<\/strong>:<\/p>\n<p>besz\u00e9lget\u00e9s Szentesi Csaba gk. aty\u00e1val \u00e9s feles\u00e9g\u00e9vel, Szentesin\u00e9 Mikl\u00f3s Andrea klinikai szakpszichol\u00f3gussal a h\u00e1zass\u00e1g napos oldal\u00e1r\u00f3l<\/td>\n<td width=\"24%\">templom<\/td>\n<\/tr>\n<tr>\n<td width=\"24%\"><strong>\u00a012.00<\/strong><\/td>\n<td width=\"51%\"><strong><a href=\"https:\/\/lh.kbs.sk\/hu\/docs\/ord-km.htm#rsnk\">H\u00fasv\u00e9ti M\u00e1ria-antif\u00f3na<\/a> \u00e9nekl\u00e9se \u00e9s asztali ima<\/strong><\/td>\n<td width=\"24%\"><strong>\u00a0templomkert<\/strong><\/td>\n<\/tr>\n<tr>\n<td width=\"24%\">12.03 &#8211; 13.00<\/td>\n<td width=\"51%\">eb\u00e9d<\/td>\n<td width=\"24%\">templomkert<\/td>\n<\/tr>\n<tr>\n<td width=\"24%\">13.00 &#8211; 14.30<\/td>\n<td width=\"51%\">j\u00e1t\u00e9k \u00e9s vet\u00e9lked\u0151 mindenkinek<\/td>\n<td width=\"24%\">templomkert<\/td>\n<\/tr>\n<tr>\n<td width=\"24%\">&nbsp;<\/p>\n<p>14.30 &#8211; 16.00<\/td>\n<td width=\"51%\"><strong>gyerekeknek<\/strong>:<\/p>\n<p>j\u00e1t\u00e9k (foci, pingpong)<\/td>\n<td width=\"24%\">templomkert<\/td>\n<\/tr>\n<tr>\n<td width=\"24%\">14.30 &#8211; 15.15<\/td>\n<td width=\"51%\"><strong>feln\u0151tteknek<\/strong>:<\/p>\n<p>Dr. D\u00e9nes Zolt\u00e1n atya el\u0151ad\u00e1sa: Szent L\u00e1szl\u00f3 lovagkir\u00e1ly eml\u00e9k\u00e9nek \u00e1pol\u00e1sa egyh\u00e1zmegy\u00e9nkben<\/td>\n<td width=\"24%\">templom<\/td>\n<\/tr>\n<tr>\n<td width=\"24%\">15.15 &#8211; 15.45<\/td>\n<td width=\"51%\">besz\u00e9lget\u00e9s az el\u0151ad\u00e1sr\u00f3l<\/td>\n<td width=\"24%\">templom<\/td>\n<\/tr>\n<tr>\n<td width=\"24%\">15.45 &#8211; 16.00<\/td>\n<td width=\"51%\">sz\u00fcnet<\/td>\n<td width=\"24%\">templomkert<\/td>\n<\/tr>\n<tr>\n<td width=\"24%\">16.00 \u2013 16.20<\/td>\n<td width=\"51%\">\u00fcnnep\u00e9lyes <a href=\"http:\/\/lexikon.katolikus.hu\/L\/lorett%C3%B3i%20lit%C3%A1nia.html\">Lor\u00e9t\u00f3i lit\u00e1nia<\/a><\/td>\n<td width=\"24%\">templom<\/td>\n<\/tr>\n<\/tbody>\n<\/table>\n","protected":false},"excerpt":{"rendered":"<p>Egyh\u00e1zk\u00f6zs\u00e9g\u00fcnk 22. maj\u00e1lis\u00e1t m\u00e1jus 1-\u00e9n, h\u00e9tf\u0151n tartjuk a templomkertben. Ami v\u00e1r r\u00e1nk: \u00f3ra program helysz\u00edn 09.00 r\u00f3zsaf\u00fcz\u00e9r-im\u00e1dkoz\u00e1s templom 09.30 szentmise munk\u00e1s Szent J\u00f3zsef tisztelet\u00e9re templom&#8230;<\/p>\n","protected":false},"author":2,"featured_media":0,"comment_status":"closed","ping_status":"open","sticky":false,"template":"","format":"standard","meta":[],"categories":[2],"tags":[],"_links":{"self":[{"href":"https:\/\/szentistvan.dnyem.hu\/index.php?rest_route=\/wp\/v2\/posts\/1347"}],"collection":[{"href":"https:\/\/szentistvan.dnyem.hu\/index.php?rest_route=\/wp\/v2\/posts"}],"about":[{"href":"https:\/\/szentistvan.dnyem.hu\/index.php?rest_route=\/wp\/v2\/types\/post"}],"author":[{"embeddable":true,"href":"https:\/\/szentistvan.dnyem.hu\/index.php?rest_route=\/wp\/v2\/users\/2"}],"replies":[{"embeddable":true,"href":"https:\/\/szentistvan.dnyem.hu\/index.php?rest_route=%2Fwp%2Fv2%2Fcomments&post=1347"}],"version-history":[{"count":7,"href":"https:\/\/szentistvan.dnyem.hu\/index.php?rest_route=\/wp\/v2\/posts\/1347\/revisions"}],"predecessor-version":[{"id":1360,"href":"https:\/\/szentistvan.dnyem.hu\/index.php?rest_route=\/wp\/v2\/posts\/1347\/revisions\/1360"}],"wp:attachment":[{"href":"https:\/\/szentistvan.dnyem.hu\/index.php?rest_route=%2Fwp%2Fv2%2Fmedia&parent=1347"}],"wp:term":[{"taxonomy":"category","embeddable":true,"href":"https:\/\/szentistvan.dnyem.hu\/index.php?rest_route=%2Fwp%2Fv2%2Fcategories&post=1347"},{"taxonomy":"post_tag","embeddable":true,"href":"https:\/\/szentistvan.dnyem.hu\/index.php?rest_route=%2Fwp%2Fv2%2Ftags&post=1347"}],"curies":[{"name":"wp","href":"https:\/\/api.w.org\/{rel}","templated":true}]}}