{"id":1338,"date":"2017-04-16T23:02:54","date_gmt":"2017-04-16T21:02:54","guid":{"rendered":"http:\/\/szentistvan.dnyem.hu\/?p=1338"},"modified":"2017-05-21T14:12:22","modified_gmt":"2017-05-21T12:12:22","slug":"gyujtes","status":"publish","type":"post","link":"https:\/\/szentistvan.dnyem.hu\/?p=1338","title":{"rendered":"Gy\u0171jt\u00e9s"},"content":{"rendered":"<p>Ebben az \u00e9vben elk\u00e9sz\u00edttetn\u00e9nk a <strong>dobog\u00f3t k\u0151risb\u0151l az imapadok al\u00e1 \u00e9s korszer\u0171s\u00edten\u00e9nk a padf\u0171t\u00e9st h\u0151fokszab\u00e1lyoz\u00f3 be\u00e9p\u00edt\u00e9s\u00e9vel<\/strong>.<\/p>\n<p><strong>A k\u00e9t munka k\u00f6lts\u00e9ge 3,4 milli\u00f3 Ft.<\/strong><\/p>\n<p>Ezekre a munk\u00e1kra gy\u0171jt\u00e9st hirdettem meg.<\/p>\n<p><strong>Eddig 282\u00a0000,- Ft-ot adom\u00e1nyoztak. Illesse h\u00e1l\u00e1s k\u00f6sz\u00f6net az adom\u00e1nyoz\u00f3kat.<\/strong><\/p>\n<p><strong>Az adom\u00e1nyok befizethet\u0151k szem\u00e9lyesen a pl\u00e9b\u00e1ni\u00e1n, ill. t\u00f6bbnyire a szentmis\u00e9k ut\u00e1n vagy \u00e1tutal\u00e1ssal pl\u00e9b\u00e1ni\u00e1nk 11100609-19852252-36000001-es foly\u00f3sz\u00e1ml\u00e1j\u00e1ra vagy postai felad\u00f3vev\u00e9nyen.<\/strong><\/p>\n<p>Aki befizet\u00e9s\u00e9\u00fcl a postai s\u00e1rga csekket v\u00e1lasztja, \u00edrja r\u00e1, hogy \u201e<strong>dobog\u00f3ra<\/strong>\u201d.<\/p>\n<p>Minden j\u00f3 akarat\u00fa testv\u00e9r\u00fcnk adom\u00e1nya nagyon sz\u00e1m\u00edt!<\/p>\n","protected":false},"excerpt":{"rendered":"<p>Ebben az \u00e9vben elk\u00e9sz\u00edttetn\u00e9nk a dobog\u00f3t k\u0151risb\u0151l az imapadok al\u00e1 \u00e9s korszer\u0171s\u00edten\u00e9nk a padf\u0171t\u00e9st h\u0151fokszab\u00e1lyoz\u00f3 be\u00e9p\u00edt\u00e9s\u00e9vel. A k\u00e9t munka k\u00f6lts\u00e9ge 3,4 milli\u00f3 Ft. Ezekre a&#8230;<\/p>\n","protected":false},"author":2,"featured_media":0,"comment_status":"closed","ping_status":"open","sticky":false,"template":"","format":"standard","meta":[],"categories":[1],"tags":[],"_links":{"self":[{"href":"https:\/\/szentistvan.dnyem.hu\/index.php?rest_route=\/wp\/v2\/posts\/1338"}],"collection":[{"href":"https:\/\/szentistvan.dnyem.hu\/index.php?rest_route=\/wp\/v2\/posts"}],"about":[{"href":"https:\/\/szentistvan.dnyem.hu\/index.php?rest_route=\/wp\/v2\/types\/post"}],"author":[{"embeddable":true,"href":"https:\/\/szentistvan.dnyem.hu\/index.php?rest_route=\/wp\/v2\/users\/2"}],"replies":[{"embeddable":true,"href":"https:\/\/szentistvan.dnyem.hu\/index.php?rest_route=%2Fwp%2Fv2%2Fcomments&post=1338"}],"version-history":[{"count":6,"href":"https:\/\/szentistvan.dnyem.hu\/index.php?rest_route=\/wp\/v2\/posts\/1338\/revisions"}],"predecessor-version":[{"id":1379,"href":"https:\/\/szentistvan.dnyem.hu\/index.php?rest_route=\/wp\/v2\/posts\/1338\/revisions\/1379"}],"wp:attachment":[{"href":"https:\/\/szentistvan.dnyem.hu\/index.php?rest_route=%2Fwp%2Fv2%2Fmedia&parent=1338"}],"wp:term":[{"taxonomy":"category","embeddable":true,"href":"https:\/\/szentistvan.dnyem.hu\/index.php?rest_route=%2Fwp%2Fv2%2Fcategories&post=1338"},{"taxonomy":"post_tag","embeddable":true,"href":"https:\/\/szentistvan.dnyem.hu\/index.php?rest_route=%2Fwp%2Fv2%2Ftags&post=1338"}],"curies":[{"name":"wp","href":"https:\/\/api.w.org\/{rel}","templated":true}]}}