{"id":1328,"date":"2017-04-09T14:57:47","date_gmt":"2017-04-09T12:57:47","guid":{"rendered":"http:\/\/szentistvan.dnyem.hu\/?p=1328"},"modified":"2017-04-16T23:04:33","modified_gmt":"2017-04-16T21:04:33","slug":"feltamadt-krisztus","status":"publish","type":"post","link":"https:\/\/szentistvan.dnyem.hu\/?p=1328","title":{"rendered":"Felt\u00e1madt Krisztus!"},"content":{"rendered":"<p>Vegy\u00fck fontol\u00f3ra \u00e9s hozzuk m\u00e1sok tudom\u00e1s\u00e1ra:<\/p>\n<p><strong>\u201eA Megv\u00e1lt\u00f3 hal\u00e1l\u00e1nak \u00e9s felt\u00e1mad\u00e1s\u00e1nak miszt\u00e9rium\u00e1ban nyilatkoztatta ki Isten teljesen a szeretet\u00e9t, mely \u00fcdv\u00f6z\u00edt, \u00e9s az embereket az \u00e9let megv\u00e1ltoztat\u00e1s\u00e1ra h\u00edvja a b\u0171nbocs\u00e1nat \u00e1ltal&#8221;<\/strong> (XVI. Benedek p\u00e1pa)<\/p>\n","protected":false},"excerpt":{"rendered":"<p>Vegy\u00fck fontol\u00f3ra \u00e9s hozzuk m\u00e1sok tudom\u00e1s\u00e1ra: \u201eA Megv\u00e1lt\u00f3 hal\u00e1l\u00e1nak \u00e9s felt\u00e1mad\u00e1s\u00e1nak miszt\u00e9rium\u00e1ban nyilatkoztatta ki Isten teljesen a szeretet\u00e9t, mely \u00fcdv\u00f6z\u00edt, \u00e9s az embereket az \u00e9let&#8230;<\/p>\n","protected":false},"author":2,"featured_media":0,"comment_status":"closed","ping_status":"open","sticky":false,"template":"","format":"standard","meta":[],"categories":[1],"tags":[],"_links":{"self":[{"href":"https:\/\/szentistvan.dnyem.hu\/index.php?rest_route=\/wp\/v2\/posts\/1328"}],"collection":[{"href":"https:\/\/szentistvan.dnyem.hu\/index.php?rest_route=\/wp\/v2\/posts"}],"about":[{"href":"https:\/\/szentistvan.dnyem.hu\/index.php?rest_route=\/wp\/v2\/types\/post"}],"author":[{"embeddable":true,"href":"https:\/\/szentistvan.dnyem.hu\/index.php?rest_route=\/wp\/v2\/users\/2"}],"replies":[{"embeddable":true,"href":"https:\/\/szentistvan.dnyem.hu\/index.php?rest_route=%2Fwp%2Fv2%2Fcomments&post=1328"}],"version-history":[{"count":2,"href":"https:\/\/szentistvan.dnyem.hu\/index.php?rest_route=\/wp\/v2\/posts\/1328\/revisions"}],"predecessor-version":[{"id":1340,"href":"https:\/\/szentistvan.dnyem.hu\/index.php?rest_route=\/wp\/v2\/posts\/1328\/revisions\/1340"}],"wp:attachment":[{"href":"https:\/\/szentistvan.dnyem.hu\/index.php?rest_route=%2Fwp%2Fv2%2Fmedia&parent=1328"}],"wp:term":[{"taxonomy":"category","embeddable":true,"href":"https:\/\/szentistvan.dnyem.hu\/index.php?rest_route=%2Fwp%2Fv2%2Fcategories&post=1328"},{"taxonomy":"post_tag","embeddable":true,"href":"https:\/\/szentistvan.dnyem.hu\/index.php?rest_route=%2Fwp%2Fv2%2Ftags&post=1328"}],"curies":[{"name":"wp","href":"https:\/\/api.w.org\/{rel}","templated":true}]}}