{"id":1324,"date":"2017-04-09T14:53:32","date_gmt":"2017-04-09T12:53:32","guid":{"rendered":"http:\/\/szentistvan.dnyem.hu\/?p=1324"},"modified":"2017-05-09T16:23:23","modified_gmt":"2017-05-09T14:23:23","slug":"jelentkezes-a-hit-es-erkolcstan-orakra-2","status":"publish","type":"post","link":"https:\/\/szentistvan.dnyem.hu\/?p=1324","title":{"rendered":"Jelentkez\u00e9s a hit- \u00e9s erk\u00f6lcstan \u00f3r\u00e1kra"},"content":{"rendered":"<p>Adjuk \u00e1t min\u00e9l t\u00f6bb sz\u00fcl\u0151nek, hogy <strong>a k\u00f6vetkez\u0151 tan\u00e9vt\u0151l (2017\/2018) r\u00f3mai katolikusnak keresztelt gyermekeik sz\u00e1m\u00e1ra \u00edr\u00e1sban adott nyilatkozat form\u00e1j\u00e1ban <u>k\u00e9rj\u00e9k a hit- \u00e9s erk\u00f6lcstant<\/u><\/strong> az erk\u00f6lcsoktat\u00e1s helyett.<\/p>\n<p>Ha a nem h\u00edv\u0151 sz\u00fcl\u0151k is r\u00e1nk b\u00edzz\u00e1k gyermek\u00fcket, szeretettel v\u00e1rjuk \u00e9s fogadjuk \u0151ket.<\/p>\n","protected":false},"excerpt":{"rendered":"<p>Adjuk \u00e1t min\u00e9l t\u00f6bb sz\u00fcl\u0151nek, hogy a k\u00f6vetkez\u0151 tan\u00e9vt\u0151l (2017\/2018) r\u00f3mai katolikusnak keresztelt gyermekeik sz\u00e1m\u00e1ra \u00edr\u00e1sban adott nyilatkozat form\u00e1j\u00e1ban k\u00e9rj\u00e9k a hit- \u00e9s erk\u00f6lcstant az&#8230;<\/p>\n","protected":false},"author":2,"featured_media":0,"comment_status":"closed","ping_status":"open","sticky":false,"template":"","format":"standard","meta":[],"categories":[1],"tags":[],"_links":{"self":[{"href":"https:\/\/szentistvan.dnyem.hu\/index.php?rest_route=\/wp\/v2\/posts\/1324"}],"collection":[{"href":"https:\/\/szentistvan.dnyem.hu\/index.php?rest_route=\/wp\/v2\/posts"}],"about":[{"href":"https:\/\/szentistvan.dnyem.hu\/index.php?rest_route=\/wp\/v2\/types\/post"}],"author":[{"embeddable":true,"href":"https:\/\/szentistvan.dnyem.hu\/index.php?rest_route=\/wp\/v2\/users\/2"}],"replies":[{"embeddable":true,"href":"https:\/\/szentistvan.dnyem.hu\/index.php?rest_route=%2Fwp%2Fv2%2Fcomments&post=1324"}],"version-history":[{"count":2,"href":"https:\/\/szentistvan.dnyem.hu\/index.php?rest_route=\/wp\/v2\/posts\/1324\/revisions"}],"predecessor-version":[{"id":1367,"href":"https:\/\/szentistvan.dnyem.hu\/index.php?rest_route=\/wp\/v2\/posts\/1324\/revisions\/1367"}],"wp:attachment":[{"href":"https:\/\/szentistvan.dnyem.hu\/index.php?rest_route=%2Fwp%2Fv2%2Fmedia&parent=1324"}],"wp:term":[{"taxonomy":"category","embeddable":true,"href":"https:\/\/szentistvan.dnyem.hu\/index.php?rest_route=%2Fwp%2Fv2%2Fcategories&post=1324"},{"taxonomy":"post_tag","embeddable":true,"href":"https:\/\/szentistvan.dnyem.hu\/index.php?rest_route=%2Fwp%2Fv2%2Ftags&post=1324"}],"curies":[{"name":"wp","href":"https:\/\/api.w.org\/{rel}","templated":true}]}}