{"id":1322,"date":"2017-04-09T14:51:53","date_gmt":"2017-04-09T12:51:53","guid":{"rendered":"http:\/\/szentistvan.dnyem.hu\/?p=1322"},"modified":"2017-04-09T14:51:53","modified_gmt":"2017-04-09T12:51:53","slug":"isteni-irgalmassag-kilenced","status":"publish","type":"post","link":"https:\/\/szentistvan.dnyem.hu\/?p=1322","title":{"rendered":"Isteni Irgalmass\u00e1g kilenced"},"content":{"rendered":"<p>Az Isteni Irgalmass\u00e1g kilenced <strong>nagyp\u00e9ntekt\u0151l H\u00fasv\u00e9t 1. het\u00e9nek (f\u00e9nyes h\u00e9tnek) szombatj\u00e1ig tart.<\/strong><\/p>\n<h2><a href=\"http:\/\/www.irgalmassag.katolikus.hu\/index.php?option=com_content&amp;view=article&amp;id=13&amp;Itemid=33\">Az Isteni Irgalmass\u00e1g r\u00f3zsaf\u00fcz\u00e9re:<\/a><\/h2>\n<h3>Bevezet\u00e9s:<\/h3>\n<p>Miaty\u00e1nk, \u00dcdv\u00f6zl\u00e9gy, Hiszekegy<\/p>\n<h3>Nagy szemekre:<\/h3>\n<p>\u201e\u00d6r\u00f6k Atya! Felaj\u00e1nlom Neked szeretett Fiad, a mi Urunk, J\u00e9zus Krisztus test\u00e9t \u00e9s v\u00e9r\u00e9t, lelk\u00e9t \u00e9s istens\u00e9g\u00e9t engesztel\u00e9s\u00fcl b\u0171neink\u00e9rt \u00e9s az eg\u00e9sz vil\u00e1g b\u0171nei\u00e9rt.\u201d<\/p>\n<h3>Kis szemekre:<\/h3>\n<p>\u201eJ\u00e9zus f\u00e1jdalmas szenved\u00e9s\u00e9\u00e9rt irgalmazz nek\u00fcnk \u00e9s az eg\u00e9sz vil\u00e1gnak!\u201d<\/p>\n<h3>Befejez\u00e9sre (h\u00e1romszor):<\/h3>\n<p>\u201eSzent Isten, szent er\u0151s Isten, szent hallhatatlan Isten, irgalmazz nek\u00fcnk \u00e9s az eg\u00e9sz vil\u00e1gnak.\u201d<\/p>\n","protected":false},"excerpt":{"rendered":"<p>Az Isteni Irgalmass\u00e1g kilenced nagyp\u00e9ntekt\u0151l H\u00fasv\u00e9t 1. het\u00e9nek (f\u00e9nyes h\u00e9tnek) szombatj\u00e1ig tart. Az Isteni Irgalmass\u00e1g r\u00f3zsaf\u00fcz\u00e9re: Bevezet\u00e9s: Miaty\u00e1nk, \u00dcdv\u00f6zl\u00e9gy, Hiszekegy Nagy szemekre: \u201e\u00d6r\u00f6k Atya! Felaj\u00e1nlom&#8230;<\/p>\n","protected":false},"author":2,"featured_media":0,"comment_status":"closed","ping_status":"open","sticky":false,"template":"","format":"standard","meta":[],"categories":[1,2],"tags":[],"_links":{"self":[{"href":"https:\/\/szentistvan.dnyem.hu\/index.php?rest_route=\/wp\/v2\/posts\/1322"}],"collection":[{"href":"https:\/\/szentistvan.dnyem.hu\/index.php?rest_route=\/wp\/v2\/posts"}],"about":[{"href":"https:\/\/szentistvan.dnyem.hu\/index.php?rest_route=\/wp\/v2\/types\/post"}],"author":[{"embeddable":true,"href":"https:\/\/szentistvan.dnyem.hu\/index.php?rest_route=\/wp\/v2\/users\/2"}],"replies":[{"embeddable":true,"href":"https:\/\/szentistvan.dnyem.hu\/index.php?rest_route=%2Fwp%2Fv2%2Fcomments&post=1322"}],"version-history":[{"count":1,"href":"https:\/\/szentistvan.dnyem.hu\/index.php?rest_route=\/wp\/v2\/posts\/1322\/revisions"}],"predecessor-version":[{"id":1323,"href":"https:\/\/szentistvan.dnyem.hu\/index.php?rest_route=\/wp\/v2\/posts\/1322\/revisions\/1323"}],"wp:attachment":[{"href":"https:\/\/szentistvan.dnyem.hu\/index.php?rest_route=%2Fwp%2Fv2%2Fmedia&parent=1322"}],"wp:term":[{"taxonomy":"category","embeddable":true,"href":"https:\/\/szentistvan.dnyem.hu\/index.php?rest_route=%2Fwp%2Fv2%2Fcategories&post=1322"},{"taxonomy":"post_tag","embeddable":true,"href":"https:\/\/szentistvan.dnyem.hu\/index.php?rest_route=%2Fwp%2Fv2%2Ftags&post=1322"}],"curies":[{"name":"wp","href":"https:\/\/api.w.org\/{rel}","templated":true}]}}