{"id":1320,"date":"2017-04-09T14:40:14","date_gmt":"2017-04-09T12:40:14","guid":{"rendered":"http:\/\/szentistvan.dnyem.hu\/?p=1320"},"modified":"2017-04-09T14:40:14","modified_gmt":"2017-04-09T12:40:14","slug":"viragvasarnapi-barkaszenteles-es-keresztutjaras","status":"publish","type":"post","link":"https:\/\/szentistvan.dnyem.hu\/?p=1320","title":{"rendered":"Vir\u00e1gvas\u00e1rnapi barkaszentel\u00e9s \u00e9s kereszt\u00fatj\u00e1r\u00e1s"},"content":{"rendered":"<p>\u00c1prili9 9-\u00e9n, vir\u00e1gvas\u00e1nap <strong>16.00 \u00f3r\u00e1t\u00f3l<\/strong> barkaszentel\u00e9s \u00e9s kereszt\u00fatj\u00e1r\u00e1s.<\/p>\n<p><strong>A Csap\u00f3 utcai s\u00e9t\u00e1l\u00f3\u00f6vezetben (a F\u00f3rum el\u0151tt) Pal\u00e1nki Ferenc megy\u00e9sp\u00fcsp\u00f6k barkaszentel\u00e9si liturgi\u00e1j<\/strong>a ut\u00e1n a bibliai kort id\u00e9z\u0151 jelmezesekkel \u00e9s a kapuz\u00f3 t\u00e1ncokat j\u00e1r\u00f3 n\u00e9pt\u00e1ncos l\u00e1nyokkal k\u00f6z\u00f6sen \u00e9rkez\u00fcnk a <strong>Kossuth t\u00e9rre<\/strong>, ahonnan elindul a <strong>k\u00f6z\u00f6s kereszt\u00fat. (Csonkatemplom \u2013 Megyeh\u00e1za \u2013 Szent Anna utca \u2013 Batthy\u00e1ny utca \u2013 Csokonai Sz\u00ednh\u00e1z \u2013 Sas utca \u2013 V\u00e1rosh\u00e1za \u2013 Kossuth t\u00e9r \u2013 Nagytemplom)<\/strong><br \/>\nAz \u00e1llom\u00e1shelyeken az elm\u00e9lked\u00e9seket Varga Kl\u00e1ra J\u00e1szai Mari-d\u00edjas sz\u00edn\u00e9szn\u0151 \u00e9s Janka Barnab\u00e1s, a Csokonai Sz\u00ednh\u00e1z m\u0171v\u00e9sze olvassa fel.<\/p>\n","protected":false},"excerpt":{"rendered":"<p>\u00c1prili9 9-\u00e9n, vir\u00e1gvas\u00e1nap 16.00 \u00f3r\u00e1t\u00f3l barkaszentel\u00e9s \u00e9s kereszt\u00fatj\u00e1r\u00e1s. A Csap\u00f3 utcai s\u00e9t\u00e1l\u00f3\u00f6vezetben (a F\u00f3rum el\u0151tt) Pal\u00e1nki Ferenc megy\u00e9sp\u00fcsp\u00f6k barkaszentel\u00e9si liturgi\u00e1ja ut\u00e1n a bibliai kort id\u00e9z\u0151&#8230;<\/p>\n","protected":false},"author":2,"featured_media":0,"comment_status":"closed","ping_status":"open","sticky":false,"template":"","format":"standard","meta":[],"categories":[2],"tags":[],"_links":{"self":[{"href":"https:\/\/szentistvan.dnyem.hu\/index.php?rest_route=\/wp\/v2\/posts\/1320"}],"collection":[{"href":"https:\/\/szentistvan.dnyem.hu\/index.php?rest_route=\/wp\/v2\/posts"}],"about":[{"href":"https:\/\/szentistvan.dnyem.hu\/index.php?rest_route=\/wp\/v2\/types\/post"}],"author":[{"embeddable":true,"href":"https:\/\/szentistvan.dnyem.hu\/index.php?rest_route=\/wp\/v2\/users\/2"}],"replies":[{"embeddable":true,"href":"https:\/\/szentistvan.dnyem.hu\/index.php?rest_route=%2Fwp%2Fv2%2Fcomments&post=1320"}],"version-history":[{"count":1,"href":"https:\/\/szentistvan.dnyem.hu\/index.php?rest_route=\/wp\/v2\/posts\/1320\/revisions"}],"predecessor-version":[{"id":1321,"href":"https:\/\/szentistvan.dnyem.hu\/index.php?rest_route=\/wp\/v2\/posts\/1320\/revisions\/1321"}],"wp:attachment":[{"href":"https:\/\/szentistvan.dnyem.hu\/index.php?rest_route=%2Fwp%2Fv2%2Fmedia&parent=1320"}],"wp:term":[{"taxonomy":"category","embeddable":true,"href":"https:\/\/szentistvan.dnyem.hu\/index.php?rest_route=%2Fwp%2Fv2%2Fcategories&post=1320"},{"taxonomy":"post_tag","embeddable":true,"href":"https:\/\/szentistvan.dnyem.hu\/index.php?rest_route=%2Fwp%2Fv2%2Ftags&post=1320"}],"curies":[{"name":"wp","href":"https:\/\/api.w.org\/{rel}","templated":true}]}}