{"id":1311,"date":"2017-04-02T16:27:41","date_gmt":"2017-04-02T14:27:41","guid":{"rendered":"http:\/\/szentistvan.dnyem.hu\/?p=1311"},"modified":"2017-04-22T17:13:55","modified_gmt":"2017-04-22T15:13:55","slug":"zarandoklat-a-csiksomlyoi-punkosdi-bucsuba","status":"publish","type":"post","link":"https:\/\/szentistvan.dnyem.hu\/?p=1311","title":{"rendered":"Zar\u00e1ndoklat a cs\u00edksomly\u00f3i p\u00fcnk\u00f6sdi b\u00facs\u00faba"},"content":{"rendered":"<h1>A Cs\u00edksomly\u00f3i Sz\u0171zanya hazav\u00e1rja gyermekeit<\/h1>\n<p><img loading=\"lazy\" class=\"alignnone size-full wp-image-1315\" src=\"http:\/\/szentistvan.dnyem.hu\/wp-content\/uploads\/2017\/04\/csiksomlyo.jpg\" alt=\"\" width=\"357\" height=\"295\" \/><\/p>\n<h2>T\u00e9ged is h\u00edv!<\/h2>\n<p><strong><u>Ideje:<\/u><\/strong><strong> 2017. j\u00fanius 1-t\u0151l &#8211; 5-ig\u00a0 <\/strong><\/p>\n<p><strong>\u00a0<u>R\u00e9szv\u00e9teli d\u00edj<\/u><\/strong><u>:<\/u> 25<strong>.000,-Ft + 100 \u20ac f\u00e9lpanzi\u00f3s ell\u00e1t\u00e1ssal<br \/>\n<\/strong><\/p>\n<p><strong><u>Jelentkezni<\/u><\/strong><strong>: Laczovicsn\u00e9 Szatm\u00e1ri M\u00e1ri\u00e1n\u00e1l a\u00a0 06-30-460-23-03 telefonsz\u00e1mon.<br \/>\n<\/strong><\/p>\n<p>El\u0151leg: 25.000 Ft, mely a jelentkez\u00e9ssel egy id\u0151ben, az eur\u00f3 a buszon fizetend\u0151.<\/p>\n<p><strong>\u00a0<u>Tervezett \u00fatvonal:<\/u><\/strong><\/p>\n<p>1. nap:\u00a0 Debrecen \u2013 Kir\u00e1lyh\u00e1g\u00f3 \u2013 Marosf\u0151<\/p>\n<p>2. nap : Marosf\u0151 \u2013\u00a0 Cs\u00edkszereda \u2013 Nyergestet\u0151 \u2013 Szent Anna-t\u00f3 &#8211; Mohos \u2013 t\u0151zegl\u00e1p &#8211; Marosf\u0151<\/p>\n<p>3. nap: Marosf\u0151 \u2013 Cs\u00edksomly\u00f3i b\u00facs\u00fa &#8211; Marosf\u0151<\/p>\n<p>4. nap:\u00a0 Marosf\u0151 \u2013 Gyergy\u00f3szentmikl\u00f3s \u2013 B\u00e9k\u00e1s-szoros \u2013 Gyilkos-t\u00f3 &#8211; Marosf\u0151<\/p>\n<p>5. nap: Marosf\u0151 \u2013\u00a0 Korond \u2013 Farkaslaka\u00a0 &#8211; Debrecen\u00a0<strong><br \/>\n<\/strong><\/p>\n<p><strong>\u00a0A Cs\u00edksomly\u00f3i harangsz\u00f3 h\u00edv, \u00e9s v\u00e1r minden igaz magyar lelket. <\/strong><\/p>\n<p><strong>\u00a0\u00a0\u00a0\u00a0\u00a0\u00a0\u00a0\u00a0\u00a0\u00a0\u00a0\u00a0\u00a0\u00a0\u00a0\u00a0\u00a0\u00a0\u00a0\u00a0\u00a0\u00a0\u00a0\u00a0\u00a0\u00a0\u00a0 Menj\u00fcnk egy\u00fctt Cs\u00edksomly\u00f3ra !<\/strong><\/p>\n","protected":false},"excerpt":{"rendered":"<p>A Cs\u00edksomly\u00f3i Sz\u0171zanya hazav\u00e1rja gyermekeit T\u00e9ged is h\u00edv! Ideje: 2017. j\u00fanius 1-t\u0151l &#8211; 5-ig\u00a0 \u00a0R\u00e9szv\u00e9teli d\u00edj: 25.000,-Ft + 100 \u20ac f\u00e9lpanzi\u00f3s ell\u00e1t\u00e1ssal Jelentkezni: Laczovicsn\u00e9 Szatm\u00e1ri&#8230;<\/p>\n","protected":false},"author":2,"featured_media":0,"comment_status":"closed","ping_status":"open","sticky":false,"template":"","format":"standard","meta":[],"categories":[2],"tags":[],"_links":{"self":[{"href":"https:\/\/szentistvan.dnyem.hu\/index.php?rest_route=\/wp\/v2\/posts\/1311"}],"collection":[{"href":"https:\/\/szentistvan.dnyem.hu\/index.php?rest_route=\/wp\/v2\/posts"}],"about":[{"href":"https:\/\/szentistvan.dnyem.hu\/index.php?rest_route=\/wp\/v2\/types\/post"}],"author":[{"embeddable":true,"href":"https:\/\/szentistvan.dnyem.hu\/index.php?rest_route=\/wp\/v2\/users\/2"}],"replies":[{"embeddable":true,"href":"https:\/\/szentistvan.dnyem.hu\/index.php?rest_route=%2Fwp%2Fv2%2Fcomments&post=1311"}],"version-history":[{"count":5,"href":"https:\/\/szentistvan.dnyem.hu\/index.php?rest_route=\/wp\/v2\/posts\/1311\/revisions"}],"predecessor-version":[{"id":1349,"href":"https:\/\/szentistvan.dnyem.hu\/index.php?rest_route=\/wp\/v2\/posts\/1311\/revisions\/1349"}],"wp:attachment":[{"href":"https:\/\/szentistvan.dnyem.hu\/index.php?rest_route=%2Fwp%2Fv2%2Fmedia&parent=1311"}],"wp:term":[{"taxonomy":"category","embeddable":true,"href":"https:\/\/szentistvan.dnyem.hu\/index.php?rest_route=%2Fwp%2Fv2%2Fcategories&post=1311"},{"taxonomy":"post_tag","embeddable":true,"href":"https:\/\/szentistvan.dnyem.hu\/index.php?rest_route=%2Fwp%2Fv2%2Ftags&post=1311"}],"curies":[{"name":"wp","href":"https:\/\/api.w.org\/{rel}","templated":true}]}}