{"id":1305,"date":"2017-03-28T14:41:11","date_gmt":"2017-03-28T12:41:11","guid":{"rendered":"http:\/\/szentistvan.dnyem.hu\/?p=1305"},"modified":"2017-03-28T14:41:11","modified_gmt":"2017-03-28T12:41:11","slug":"a-szent-laszlo-plebania-nagybojti-lelkigyakorlata","status":"publish","type":"post","link":"https:\/\/szentistvan.dnyem.hu\/?p=1305","title":{"rendered":"A Szent L\u00e1szl\u00f3 Pl\u00e9b\u00e1nia nagyb\u00f6jti lelkigyakorlata"},"content":{"rendered":"<p><strong>M\u00e1rcius 26-t\u00f3l (vas\u00e1rnapt\u00f3l) 28-ig (keddig)<\/strong> lesz a Szent L\u00e1szl\u00f3 Pl\u00e9b\u00e1nia nagyb\u00f6jti lelkigyakorlata <strong>a 18.00 \u00f3rakor kezd\u0151d\u0151 szentmis\u00e9kben<\/strong>.<\/p>\n<p>Az elm\u00e9lked\u00e9seket <strong>Kocsis F\u00fcl\u00f6p g\u00f6r\u00f6gkatolikus \u00e9rsek<\/strong> fogja tartani.<\/p>\n","protected":false},"excerpt":{"rendered":"<p>M\u00e1rcius 26-t\u00f3l (vas\u00e1rnapt\u00f3l) 28-ig (keddig) lesz a Szent L\u00e1szl\u00f3 Pl\u00e9b\u00e1nia nagyb\u00f6jti lelkigyakorlata a 18.00 \u00f3rakor kezd\u0151d\u0151 szentmis\u00e9kben. Az elm\u00e9lked\u00e9seket Kocsis F\u00fcl\u00f6p g\u00f6r\u00f6gkatolikus \u00e9rsek fogja tartani.<\/p>\n","protected":false},"author":2,"featured_media":0,"comment_status":"closed","ping_status":"open","sticky":false,"template":"","format":"standard","meta":[],"categories":[2],"tags":[],"_links":{"self":[{"href":"https:\/\/szentistvan.dnyem.hu\/index.php?rest_route=\/wp\/v2\/posts\/1305"}],"collection":[{"href":"https:\/\/szentistvan.dnyem.hu\/index.php?rest_route=\/wp\/v2\/posts"}],"about":[{"href":"https:\/\/szentistvan.dnyem.hu\/index.php?rest_route=\/wp\/v2\/types\/post"}],"author":[{"embeddable":true,"href":"https:\/\/szentistvan.dnyem.hu\/index.php?rest_route=\/wp\/v2\/users\/2"}],"replies":[{"embeddable":true,"href":"https:\/\/szentistvan.dnyem.hu\/index.php?rest_route=%2Fwp%2Fv2%2Fcomments&post=1305"}],"version-history":[{"count":1,"href":"https:\/\/szentistvan.dnyem.hu\/index.php?rest_route=\/wp\/v2\/posts\/1305\/revisions"}],"predecessor-version":[{"id":1306,"href":"https:\/\/szentistvan.dnyem.hu\/index.php?rest_route=\/wp\/v2\/posts\/1305\/revisions\/1306"}],"wp:attachment":[{"href":"https:\/\/szentistvan.dnyem.hu\/index.php?rest_route=%2Fwp%2Fv2%2Fmedia&parent=1305"}],"wp:term":[{"taxonomy":"category","embeddable":true,"href":"https:\/\/szentistvan.dnyem.hu\/index.php?rest_route=%2Fwp%2Fv2%2Fcategories&post=1305"},{"taxonomy":"post_tag","embeddable":true,"href":"https:\/\/szentistvan.dnyem.hu\/index.php?rest_route=%2Fwp%2Fv2%2Ftags&post=1305"}],"curies":[{"name":"wp","href":"https:\/\/api.w.org\/{rel}","templated":true}]}}