{"id":1295,"date":"2017-03-18T15:50:12","date_gmt":"2017-03-18T13:50:12","guid":{"rendered":"http:\/\/szentistvan.dnyem.hu\/?p=1295"},"modified":"2017-03-18T15:50:13","modified_gmt":"2017-03-18T13:50:13","slug":"betegek-es-idosek-felkeresese","status":"publish","type":"post","link":"https:\/\/szentistvan.dnyem.hu\/?p=1295","title":{"rendered":"Betegek \u00e9s id\u0151sek felkeres\u00e9se"},"content":{"rendered":"<p>Betegeket \u00e9s templomba j\u00e1rni t\u00f6bb\u00e9 m\u00e1r nem tud\u00f3 id\u0151seket felkeresn\u00e9m H\u00fasv\u00e9t el\u0151tt.<\/p>\n<p>Ennek \u00e9rdek\u00e9ben hozz\u00e1tartoz\u00f3ik vagy ismer\u0151seik jelents\u00e9k be \u0151ket n\u00e1lam.<\/p>\n","protected":false},"excerpt":{"rendered":"<p>Betegeket \u00e9s templomba j\u00e1rni t\u00f6bb\u00e9 m\u00e1r nem tud\u00f3 id\u0151seket felkeresn\u00e9m H\u00fasv\u00e9t el\u0151tt. Ennek \u00e9rdek\u00e9ben hozz\u00e1tartoz\u00f3ik vagy ismer\u0151seik jelents\u00e9k be \u0151ket n\u00e1lam.<\/p>\n","protected":false},"author":2,"featured_media":0,"comment_status":"closed","ping_status":"open","sticky":false,"template":"","format":"standard","meta":[],"categories":[1,2],"tags":[],"_links":{"self":[{"href":"https:\/\/szentistvan.dnyem.hu\/index.php?rest_route=\/wp\/v2\/posts\/1295"}],"collection":[{"href":"https:\/\/szentistvan.dnyem.hu\/index.php?rest_route=\/wp\/v2\/posts"}],"about":[{"href":"https:\/\/szentistvan.dnyem.hu\/index.php?rest_route=\/wp\/v2\/types\/post"}],"author":[{"embeddable":true,"href":"https:\/\/szentistvan.dnyem.hu\/index.php?rest_route=\/wp\/v2\/users\/2"}],"replies":[{"embeddable":true,"href":"https:\/\/szentistvan.dnyem.hu\/index.php?rest_route=%2Fwp%2Fv2%2Fcomments&post=1295"}],"version-history":[{"count":1,"href":"https:\/\/szentistvan.dnyem.hu\/index.php?rest_route=\/wp\/v2\/posts\/1295\/revisions"}],"predecessor-version":[{"id":1296,"href":"https:\/\/szentistvan.dnyem.hu\/index.php?rest_route=\/wp\/v2\/posts\/1295\/revisions\/1296"}],"wp:attachment":[{"href":"https:\/\/szentistvan.dnyem.hu\/index.php?rest_route=%2Fwp%2Fv2%2Fmedia&parent=1295"}],"wp:term":[{"taxonomy":"category","embeddable":true,"href":"https:\/\/szentistvan.dnyem.hu\/index.php?rest_route=%2Fwp%2Fv2%2Fcategories&post=1295"},{"taxonomy":"post_tag","embeddable":true,"href":"https:\/\/szentistvan.dnyem.hu\/index.php?rest_route=%2Fwp%2Fv2%2Ftags&post=1295"}],"curies":[{"name":"wp","href":"https:\/\/api.w.org\/{rel}","templated":true}]}}