{"id":1290,"date":"2017-03-15T23:14:44","date_gmt":"2017-03-15T21:14:44","guid":{"rendered":"http:\/\/szentistvan.dnyem.hu\/?p=1290"},"modified":"2017-03-15T23:16:13","modified_gmt":"2017-03-15T21:16:13","slug":"nagybojti-segites","status":"publish","type":"post","link":"https:\/\/szentistvan.dnyem.hu\/?p=1290","title":{"rendered":"Nagyb\u00f6jti seg\u00edt\u00e9s"},"content":{"rendered":"<p>A karit\u00e1sz csoport tagjainak \u00f6sszefog\u00e1sa eredm\u00e9nyek\u00e9nt egy nagyon neh\u00e9z helyzetben \u00e9l\u0151 csal\u00e1don tudtunk seg\u00edteni. Siker\u00fclt egy t\u00e1rcs\u00e1s mos\u00f3g\u00e9pet szerezni a n\u00e9pes csal\u00e1dnak, ami nagy seg\u00edts\u00e9g, mert eddig k\u00e9zzel most\u00e1k a ruh\u00e1ikat. Nagy h\u00e1l\u00e1val fogadt\u00e1k a ruhanem\u0171ket, a vet\u0151magot, illetve a m\u00e1sf\u00e9l \u00e9ves kisfi\u00fa sz\u00e1m\u00e1ra vitt pelenkacsomagot. A nagyb\u00f6jtben k\u00fcl\u00f6n\u00f6sen is j\u00f3 odafigyelni a szeg\u00e9nyebbekre, ez\u00faton is biztatunk mindenkit, hogy \u00e9lje \u00e1t az ad\u00e1s \u00f6r\u00f6m\u00e9t! <img loading=\"lazy\" class=\"alignnone size-medium wp-image-1291\" src=\"http:\/\/szentistvan.dnyem.hu\/wp-content\/uploads\/2017\/03\/mos\u00f3g\u00e9p-540x405.jpg\" alt=\"\" width=\"540\" height=\"405\" srcset=\"https:\/\/szentistvan.dnyem.hu\/wp-content\/uploads\/2017\/03\/mos\u00f3g\u00e9p-540x405.jpg 540w, https:\/\/szentistvan.dnyem.hu\/wp-content\/uploads\/2017\/03\/mos\u00f3g\u00e9p-768x576.jpg 768w, https:\/\/szentistvan.dnyem.hu\/wp-content\/uploads\/2017\/03\/mos\u00f3g\u00e9p-1024x768.jpg 1024w\" sizes=\"(max-width: 540px) 100vw, 540px\" \/><\/p>\n","protected":false},"excerpt":{"rendered":"<p>A karit\u00e1sz csoport tagjainak \u00f6sszefog\u00e1sa eredm\u00e9nyek\u00e9nt egy nagyon neh\u00e9z helyzetben \u00e9l\u0151 csal\u00e1don tudtunk seg\u00edteni. Siker\u00fclt egy t\u00e1rcs\u00e1s mos\u00f3g\u00e9pet szerezni a n\u00e9pes csal\u00e1dnak, ami nagy seg\u00edts\u00e9g,&#8230;<\/p>\n","protected":false},"author":2,"featured_media":0,"comment_status":"closed","ping_status":"open","sticky":false,"template":"","format":"standard","meta":[],"categories":[5,7],"tags":[],"_links":{"self":[{"href":"https:\/\/szentistvan.dnyem.hu\/index.php?rest_route=\/wp\/v2\/posts\/1290"}],"collection":[{"href":"https:\/\/szentistvan.dnyem.hu\/index.php?rest_route=\/wp\/v2\/posts"}],"about":[{"href":"https:\/\/szentistvan.dnyem.hu\/index.php?rest_route=\/wp\/v2\/types\/post"}],"author":[{"embeddable":true,"href":"https:\/\/szentistvan.dnyem.hu\/index.php?rest_route=\/wp\/v2\/users\/2"}],"replies":[{"embeddable":true,"href":"https:\/\/szentistvan.dnyem.hu\/index.php?rest_route=%2Fwp%2Fv2%2Fcomments&post=1290"}],"version-history":[{"count":1,"href":"https:\/\/szentistvan.dnyem.hu\/index.php?rest_route=\/wp\/v2\/posts\/1290\/revisions"}],"predecessor-version":[{"id":1292,"href":"https:\/\/szentistvan.dnyem.hu\/index.php?rest_route=\/wp\/v2\/posts\/1290\/revisions\/1292"}],"wp:attachment":[{"href":"https:\/\/szentistvan.dnyem.hu\/index.php?rest_route=%2Fwp%2Fv2%2Fmedia&parent=1290"}],"wp:term":[{"taxonomy":"category","embeddable":true,"href":"https:\/\/szentistvan.dnyem.hu\/index.php?rest_route=%2Fwp%2Fv2%2Fcategories&post=1290"},{"taxonomy":"post_tag","embeddable":true,"href":"https:\/\/szentistvan.dnyem.hu\/index.php?rest_route=%2Fwp%2Fv2%2Ftags&post=1290"}],"curies":[{"name":"wp","href":"https:\/\/api.w.org\/{rel}","templated":true}]}}