{"id":1288,"date":"2017-03-18T15:47:43","date_gmt":"2017-03-18T13:47:43","guid":{"rendered":"http:\/\/szentistvan.dnyem.hu\/?p=1288"},"modified":"2017-03-18T15:47:43","modified_gmt":"2017-03-18T13:47:43","slug":"gyujtes-a-szentsir-viragaira-2","status":"publish","type":"post","link":"https:\/\/szentistvan.dnyem.hu\/?p=1288","title":{"rendered":"Gy\u0171jt\u00e9s a szents\u00edr vir\u00e1gaira"},"content":{"rendered":"<p>A gy\u0171jt\u00e9st a szents\u00edr vir\u00e1gaira elkezdt\u00fck.<\/p>\n<p>Az adom\u00e1nyokat az el\u0151z\u0151 olt\u00e1ron tal\u00e1lhat\u00f3 perselybe helyezhetik.<\/p>\n","protected":false},"excerpt":{"rendered":"<p>A gy\u0171jt\u00e9st a szents\u00edr vir\u00e1gaira elkezdt\u00fck. Az adom\u00e1nyokat az el\u0151z\u0151 olt\u00e1ron tal\u00e1lhat\u00f3 perselybe helyezhetik.<\/p>\n","protected":false},"author":2,"featured_media":0,"comment_status":"closed","ping_status":"open","sticky":false,"template":"","format":"standard","meta":[],"categories":[1],"tags":[],"_links":{"self":[{"href":"https:\/\/szentistvan.dnyem.hu\/index.php?rest_route=\/wp\/v2\/posts\/1288"}],"collection":[{"href":"https:\/\/szentistvan.dnyem.hu\/index.php?rest_route=\/wp\/v2\/posts"}],"about":[{"href":"https:\/\/szentistvan.dnyem.hu\/index.php?rest_route=\/wp\/v2\/types\/post"}],"author":[{"embeddable":true,"href":"https:\/\/szentistvan.dnyem.hu\/index.php?rest_route=\/wp\/v2\/users\/2"}],"replies":[{"embeddable":true,"href":"https:\/\/szentistvan.dnyem.hu\/index.php?rest_route=%2Fwp%2Fv2%2Fcomments&post=1288"}],"version-history":[{"count":1,"href":"https:\/\/szentistvan.dnyem.hu\/index.php?rest_route=\/wp\/v2\/posts\/1288\/revisions"}],"predecessor-version":[{"id":1294,"href":"https:\/\/szentistvan.dnyem.hu\/index.php?rest_route=\/wp\/v2\/posts\/1288\/revisions\/1294"}],"wp:attachment":[{"href":"https:\/\/szentistvan.dnyem.hu\/index.php?rest_route=%2Fwp%2Fv2%2Fmedia&parent=1288"}],"wp:term":[{"taxonomy":"category","embeddable":true,"href":"https:\/\/szentistvan.dnyem.hu\/index.php?rest_route=%2Fwp%2Fv2%2Fcategories&post=1288"},{"taxonomy":"post_tag","embeddable":true,"href":"https:\/\/szentistvan.dnyem.hu\/index.php?rest_route=%2Fwp%2Fv2%2Ftags&post=1288"}],"curies":[{"name":"wp","href":"https:\/\/api.w.org\/{rel}","templated":true}]}}