{"id":1264,"date":"2017-02-25T13:04:57","date_gmt":"2017-02-25T11:04:57","guid":{"rendered":"http:\/\/szentistvan.dnyem.hu\/?p=1264"},"modified":"2017-03-31T22:44:15","modified_gmt":"2017-03-31T20:44:15","slug":"nagybojti-hiteleti-programtar","status":"publish","type":"post","link":"https:\/\/szentistvan.dnyem.hu\/?p=1264","title":{"rendered":"Nagyb\u00f6jti, nagyheti \u00e9s h\u00fasv\u00e9ti hit\u00e9leti programt\u00e1r"},"content":{"rendered":"<table>\n<tbody>\n<tr>\n<td>\u00e1prilis 7., p\u00e9ntek<\/td>\n<td>\u201e\u00cdme, az ember\u201d \u2013 kereszt\u00fat<\/td>\n<\/tr>\n<tr>\n<td>\u00e1prilis 8., szombat<\/td>\n<td>08:00-t\u00f3l templomtakar\u00edt\u00e1s<\/td>\n<\/tr>\n<tr>\n<td>\u00e1prilis 9., vir\u00e1gvas\u00e1rnap<\/td>\n<td>16.00 \u00f3r\u00e1t\u00f3l barkaszentel\u00e9s \u00e9s kereszt\u00fatj\u00e1r\u00e1s. A Csap\u00f3 utcai s\u00e9t\u00e1l\u00f3\u00f6vezetben (a F\u00f3rum el\u0151tt) Pal\u00e1nki Ferenc megy\u00e9sp\u00fcsp\u00f6k barkaszentel\u00e9si liturgi\u00e1ja ut\u00e1n a bibliai kort id\u00e9z\u0151 jelmezesekkel \u00e9s a kapuz\u00f3 t\u00e1ncokat j\u00e1r\u00f3 n\u00e9pt\u00e1ncos l\u00e1nyokkal k\u00f6z\u00f6sen \u00e9rkez\u00fcnk a Kossuth t\u00e9rre, ahonnan elindul a k\u00f6z\u00f6s kereszt\u00fat. (Csonkatemplom \u2013 Megyeh\u00e1za \u2013 Szent Anna utca \u2013 Batthy\u00e1ny utca \u2013 Csokonai Sz\u00ednh\u00e1z \u2013 Sas utca \u2013 V\u00e1rosh\u00e1za \u2013 Kossuth t\u00e9r \u2013 Nagytemplom)<br \/>\nAz \u00e1llom\u00e1shelyeken az elm\u00e9lked\u00e9seket Varga Kl\u00e1ra J\u00e1szai Mari-d\u00edjas sz\u00edn\u00e9szn\u0151 \u00e9s Janka Barnab\u00e1s, a Csokonai Sz\u00ednh\u00e1z m\u0171v\u00e9sze olvassa fel.<\/td>\n<\/tr>\n<tr>\n<td>\u00e1prilis 13., nagycs\u00fct\u00f6rt\u00f6k<\/td>\n<td>18:00-t\u00f3l szentmise az utols\u00f3 vacsora eml\u00e9k\u00e9re, majd virraszt\u00e1s. Akik erre alkalomhoz ill\u0151 elm\u00e9lked\u00e9st vagy im\u00e1ds\u00e1got hozn\u00e1nak, iratkozzanak fel az \u00fajs\u00e1gos asztalon tal\u00e1lhat\u00f3 lapra.<\/td>\n<\/tr>\n<tr>\n<td>\u00e1prilis 14., nagyp\u00e9ntek (szigor\u00fa b\u00f6jt)<\/td>\n<td>15:00-t\u00f3l a szents\u00edr\u0151rz\u00e9s egy-egy \u00f3r\u00e1j\u00e1hoz iratkozzanak fel az \u00fajs\u00e1gos asztalon tal\u00e1lhat\u00f3 lapra. Kezd\u0151dik az Isteni Irgalmass\u00e1g kilenced, \u00e9s feh\u00e9rvas\u00e1rnap fejez\u0151dik be.<br \/>\n18:00-t\u00f3l Urunk szenved\u00e9s\u00e9nek \u00fcnnepl\u00e9se<\/td>\n<\/tr>\n<tr>\n<td>\u00e1prilis 15., nagyszombat<\/td>\n<td>09.00-t\u00f3l szents\u00edrl\u00e1togat\u00e1s. A szents\u00edr\u0151rz\u00e9s egy-egy \u00f3r\u00e1j\u00e1hoz iratkozzanak fel az \u00fajs\u00e1gos asztalon tal\u00e1lhat\u00f3 lapra.<br \/>\n20:00-t\u00f3l h\u00fasv\u00e9ti vig\u00edlia, k\u00f6rmenet \u00e9s <strong>\u00e9telszentel\u00e9s<\/strong><\/td>\n<\/tr>\n<tr>\n<td>\u00e1prilis 16., <strong>h\u00fasv\u00e9tvas\u00e1rnap<\/strong><\/td>\n<td>09.30-t\u00f3l szentmise \u00e9s <strong>\u00e9telszentel\u00e9s<\/strong><\/td>\n<\/tr>\n<tr>\n<td>\u00e1prilis 17., <strong>h\u00fasv\u00e9th\u00e9tf\u0151<\/strong><\/td>\n<td>09.30-t\u00f3l szentmise<\/td>\n<\/tr>\n<\/tbody>\n<\/table>\n<div>\u00a0<img loading=\"lazy\" class=\"alignnone size-medium wp-image-1307\" src=\"http:\/\/szentistvan.dnyem.hu\/wp-content\/uploads\/2017\/02\/Haydn_plakat-382x540.jpg\" alt=\"\" width=\"382\" height=\"540\" srcset=\"https:\/\/szentistvan.dnyem.hu\/wp-content\/uploads\/2017\/02\/Haydn_plakat-382x540.jpg 382w, https:\/\/szentistvan.dnyem.hu\/wp-content\/uploads\/2017\/02\/Haydn_plakat-768x1086.jpg 768w, https:\/\/szentistvan.dnyem.hu\/wp-content\/uploads\/2017\/02\/Haydn_plakat-724x1024.jpg 724w, https:\/\/szentistvan.dnyem.hu\/wp-content\/uploads\/2017\/02\/Haydn_plakat.jpg 1754w\" sizes=\"(max-width: 382px) 100vw, 382px\" \/><\/div>\n","protected":false},"excerpt":{"rendered":"<p>\u00e1prilis 7., p\u00e9ntek \u201e\u00cdme, az ember\u201d \u2013 kereszt\u00fat \u00e1prilis 8., szombat 08:00-t\u00f3l templomtakar\u00edt\u00e1s \u00e1prilis 9., vir\u00e1gvas\u00e1rnap 16.00 \u00f3r\u00e1t\u00f3l barkaszentel\u00e9s \u00e9s kereszt\u00fatj\u00e1r\u00e1s. A Csap\u00f3 utcai s\u00e9t\u00e1l\u00f3\u00f6vezetben&#8230;<\/p>\n","protected":false},"author":2,"featured_media":0,"comment_status":"closed","ping_status":"open","sticky":false,"template":"","format":"standard","meta":[],"categories":[2],"tags":[],"_links":{"self":[{"href":"https:\/\/szentistvan.dnyem.hu\/index.php?rest_route=\/wp\/v2\/posts\/1264"}],"collection":[{"href":"https:\/\/szentistvan.dnyem.hu\/index.php?rest_route=\/wp\/v2\/posts"}],"about":[{"href":"https:\/\/szentistvan.dnyem.hu\/index.php?rest_route=\/wp\/v2\/types\/post"}],"author":[{"embeddable":true,"href":"https:\/\/szentistvan.dnyem.hu\/index.php?rest_route=\/wp\/v2\/users\/2"}],"replies":[{"embeddable":true,"href":"https:\/\/szentistvan.dnyem.hu\/index.php?rest_route=%2Fwp%2Fv2%2Fcomments&post=1264"}],"version-history":[{"count":8,"href":"https:\/\/szentistvan.dnyem.hu\/index.php?rest_route=\/wp\/v2\/posts\/1264\/revisions"}],"predecessor-version":[{"id":1310,"href":"https:\/\/szentistvan.dnyem.hu\/index.php?rest_route=\/wp\/v2\/posts\/1264\/revisions\/1310"}],"wp:attachment":[{"href":"https:\/\/szentistvan.dnyem.hu\/index.php?rest_route=%2Fwp%2Fv2%2Fmedia&parent=1264"}],"wp:term":[{"taxonomy":"category","embeddable":true,"href":"https:\/\/szentistvan.dnyem.hu\/index.php?rest_route=%2Fwp%2Fv2%2Fcategories&post=1264"},{"taxonomy":"post_tag","embeddable":true,"href":"https:\/\/szentistvan.dnyem.hu\/index.php?rest_route=%2Fwp%2Fv2%2Ftags&post=1264"}],"curies":[{"name":"wp","href":"https:\/\/api.w.org\/{rel}","templated":true}]}}