{"id":1262,"date":"2017-02-25T13:02:01","date_gmt":"2017-02-25T11:02:01","guid":{"rendered":"http:\/\/szentistvan.dnyem.hu\/?p=1262"},"modified":"2017-02-25T13:02:01","modified_gmt":"2017-02-25T11:02:01","slug":"egyhazmegyei-ministrans-talalkozo","status":"publish","type":"post","link":"https:\/\/szentistvan.dnyem.hu\/?p=1262","title":{"rendered":"Egyh\u00e1zmegyei Ministr\u00e1ns Tal\u00e1lkoz\u00f3"},"content":{"rendered":"<p><strong>\u00c1prilis 22-\u00e9n Ny\u00edregyh\u00e1z\u00e1n a Szent Imre Gimn\u00e1ziumban<\/strong> Egyh\u00e1zmegyei Ministr\u00e1ns Tal\u00e1lkoz\u00f3ra h\u00edvom az olt\u00e1rszolg\u00e1latot ell\u00e1t\u00f3 fi\u00fakat.<\/p>\n<p>Miel\u0151bbi jelentkez\u00e9st k\u00e9rek.<\/p>\n","protected":false},"excerpt":{"rendered":"<p>\u00c1prilis 22-\u00e9n Ny\u00edregyh\u00e1z\u00e1n a Szent Imre Gimn\u00e1ziumban Egyh\u00e1zmegyei Ministr\u00e1ns Tal\u00e1lkoz\u00f3ra h\u00edvom az olt\u00e1rszolg\u00e1latot ell\u00e1t\u00f3 fi\u00fakat. Miel\u0151bbi jelentkez\u00e9st k\u00e9rek.<\/p>\n","protected":false},"author":2,"featured_media":0,"comment_status":"closed","ping_status":"open","sticky":false,"template":"","format":"standard","meta":[],"categories":[2],"tags":[],"_links":{"self":[{"href":"https:\/\/szentistvan.dnyem.hu\/index.php?rest_route=\/wp\/v2\/posts\/1262"}],"collection":[{"href":"https:\/\/szentistvan.dnyem.hu\/index.php?rest_route=\/wp\/v2\/posts"}],"about":[{"href":"https:\/\/szentistvan.dnyem.hu\/index.php?rest_route=\/wp\/v2\/types\/post"}],"author":[{"embeddable":true,"href":"https:\/\/szentistvan.dnyem.hu\/index.php?rest_route=\/wp\/v2\/users\/2"}],"replies":[{"embeddable":true,"href":"https:\/\/szentistvan.dnyem.hu\/index.php?rest_route=%2Fwp%2Fv2%2Fcomments&post=1262"}],"version-history":[{"count":1,"href":"https:\/\/szentistvan.dnyem.hu\/index.php?rest_route=\/wp\/v2\/posts\/1262\/revisions"}],"predecessor-version":[{"id":1263,"href":"https:\/\/szentistvan.dnyem.hu\/index.php?rest_route=\/wp\/v2\/posts\/1262\/revisions\/1263"}],"wp:attachment":[{"href":"https:\/\/szentistvan.dnyem.hu\/index.php?rest_route=%2Fwp%2Fv2%2Fmedia&parent=1262"}],"wp:term":[{"taxonomy":"category","embeddable":true,"href":"https:\/\/szentistvan.dnyem.hu\/index.php?rest_route=%2Fwp%2Fv2%2Fcategories&post=1262"},{"taxonomy":"post_tag","embeddable":true,"href":"https:\/\/szentistvan.dnyem.hu\/index.php?rest_route=%2Fwp%2Fv2%2Ftags&post=1262"}],"curies":[{"name":"wp","href":"https:\/\/api.w.org\/{rel}","templated":true}]}}