{"id":1260,"date":"2017-02-25T13:00:48","date_gmt":"2017-02-25T11:00:48","guid":{"rendered":"http:\/\/szentistvan.dnyem.hu\/?p=1260"},"modified":"2017-02-25T13:00:48","modified_gmt":"2017-02-25T11:00:48","slug":"rajz-vagy-fogalmazaspalyazat","status":"publish","type":"post","link":"https:\/\/szentistvan.dnyem.hu\/?p=1260","title":{"rendered":"Rajz- vagy fogalmaz\u00e1sp\u00e1ly\u00e1zat"},"content":{"rendered":"<p>Gyerekek \u00e9s fiatalok sz\u00e1m\u00e1ra felh\u00edv\u00e1s rajz- vagy fogalmaz\u00e1sp\u00e1ly\u00e1zatra az al\u00e1bbi t\u00e9m\u00e1ban: <strong>Szent L\u00e1szl\u00f3 kir\u00e1ly \u00e9let\u00e9nek nekem sokat jelent\u0151 mozzanata.<\/strong><\/p>\n<p>A rajzok b\u00e1rmilyen technik\u00e1val k\u00e9sz\u00edthet\u0151k A\/3-as vagy A\/4-es m\u00e9retben.<\/p>\n<p>A fogalmaz\u00e1s terjedelme maximum 3 oldal vonalas f\u00fczetlap vagy 1 A\/4-es g\u00e9pelt oldal j\u00f3l olvashat\u00f3 bet\u0171nagys\u00e1ggal (pl. 14).<\/p>\n<p><strong>Bead\u00e1si hat\u00e1rid\u0151 m\u00e1rcius 19.<\/strong> Minden p\u00e1lyam\u0171b\u0151l ki\u00e1ll\u00edt\u00e1s ny\u00edlik.<\/p>\n","protected":false},"excerpt":{"rendered":"<p>Gyerekek \u00e9s fiatalok sz\u00e1m\u00e1ra felh\u00edv\u00e1s rajz- vagy fogalmaz\u00e1sp\u00e1ly\u00e1zatra az al\u00e1bbi t\u00e9m\u00e1ban: Szent L\u00e1szl\u00f3 kir\u00e1ly \u00e9let\u00e9nek nekem sokat jelent\u0151 mozzanata. A rajzok b\u00e1rmilyen technik\u00e1val k\u00e9sz\u00edthet\u0151k A\/3-as&#8230;<\/p>\n","protected":false},"author":2,"featured_media":0,"comment_status":"closed","ping_status":"open","sticky":false,"template":"","format":"standard","meta":[],"categories":[1,2],"tags":[],"_links":{"self":[{"href":"https:\/\/szentistvan.dnyem.hu\/index.php?rest_route=\/wp\/v2\/posts\/1260"}],"collection":[{"href":"https:\/\/szentistvan.dnyem.hu\/index.php?rest_route=\/wp\/v2\/posts"}],"about":[{"href":"https:\/\/szentistvan.dnyem.hu\/index.php?rest_route=\/wp\/v2\/types\/post"}],"author":[{"embeddable":true,"href":"https:\/\/szentistvan.dnyem.hu\/index.php?rest_route=\/wp\/v2\/users\/2"}],"replies":[{"embeddable":true,"href":"https:\/\/szentistvan.dnyem.hu\/index.php?rest_route=%2Fwp%2Fv2%2Fcomments&post=1260"}],"version-history":[{"count":1,"href":"https:\/\/szentistvan.dnyem.hu\/index.php?rest_route=\/wp\/v2\/posts\/1260\/revisions"}],"predecessor-version":[{"id":1261,"href":"https:\/\/szentistvan.dnyem.hu\/index.php?rest_route=\/wp\/v2\/posts\/1260\/revisions\/1261"}],"wp:attachment":[{"href":"https:\/\/szentistvan.dnyem.hu\/index.php?rest_route=%2Fwp%2Fv2%2Fmedia&parent=1260"}],"wp:term":[{"taxonomy":"category","embeddable":true,"href":"https:\/\/szentistvan.dnyem.hu\/index.php?rest_route=%2Fwp%2Fv2%2Fcategories&post=1260"},{"taxonomy":"post_tag","embeddable":true,"href":"https:\/\/szentistvan.dnyem.hu\/index.php?rest_route=%2Fwp%2Fv2%2Ftags&post=1260"}],"curies":[{"name":"wp","href":"https:\/\/api.w.org\/{rel}","templated":true}]}}