{"id":1256,"date":"2017-02-25T12:56:42","date_gmt":"2017-02-25T10:56:42","guid":{"rendered":"http:\/\/szentistvan.dnyem.hu\/?p=1256"},"modified":"2017-02-25T13:22:34","modified_gmt":"2017-02-25T11:22:34","slug":"nagybojt-pentekjein-keresztut-es-beszedsorozat","status":"publish","type":"post","link":"https:\/\/szentistvan.dnyem.hu\/?p=1256","title":{"rendered":"Nagyb\u00f6jt p\u00e9ntekjein: kereszt\u00fat \u00e9s besz\u00e9dsorozat"},"content":{"rendered":"<p><strong>Templomunkban nagyb\u00f6jtben p\u00e9ntekenk\u00e9nt 17:15-t\u0151l im\u00e1dkozzuk a keresztutat, majd ezt k\u00f6veti a szentmise elm\u00e9lked\u00e9ssorozattal:<\/strong><\/p>\n<p><strong>MEGV\u00c1LT\u00c1SUNK T\u00c9NYE \u00c9S JELENT\u0150S\u00c9GE<\/strong><\/p>\n<p>(4 r\u00e9szben bemutatva: m\u00e1rc. 3-\u00e1n, 10-\u00e9n, 17-\u00e9n \u00e9s 24-\u00e9n az esti szentmis\u00e9ben 18.00-t\u00f3l)<\/p>\n<p>\u201eKegyelemb\u0151l r\u00e9szes\u00fcltetek<br \/>\na megv\u00e1lt\u00e1sban, a hit \u00e1ltal,<br \/>\nez teh\u00e1t nem a magatok \u00e9rdeme,<br \/>\nhanem Isten aj\u00e1nd\u00e9ka.\u201d<br \/>\n(Ef 2,8)<\/p>\n","protected":false},"excerpt":{"rendered":"<p>Templomunkban nagyb\u00f6jtben p\u00e9ntekenk\u00e9nt 17:15-t\u0151l im\u00e1dkozzuk a keresztutat, majd ezt k\u00f6veti a szentmise elm\u00e9lked\u00e9ssorozattal: MEGV\u00c1LT\u00c1SUNK T\u00c9NYE \u00c9S JELENT\u0150S\u00c9GE (4 r\u00e9szben bemutatva: m\u00e1rc. 3-\u00e1n, 10-\u00e9n, 17-\u00e9n \u00e9s&#8230;<\/p>\n","protected":false},"author":2,"featured_media":0,"comment_status":"closed","ping_status":"open","sticky":false,"template":"","format":"standard","meta":[],"categories":[2],"tags":[],"_links":{"self":[{"href":"https:\/\/szentistvan.dnyem.hu\/index.php?rest_route=\/wp\/v2\/posts\/1256"}],"collection":[{"href":"https:\/\/szentistvan.dnyem.hu\/index.php?rest_route=\/wp\/v2\/posts"}],"about":[{"href":"https:\/\/szentistvan.dnyem.hu\/index.php?rest_route=\/wp\/v2\/types\/post"}],"author":[{"embeddable":true,"href":"https:\/\/szentistvan.dnyem.hu\/index.php?rest_route=\/wp\/v2\/users\/2"}],"replies":[{"embeddable":true,"href":"https:\/\/szentistvan.dnyem.hu\/index.php?rest_route=%2Fwp%2Fv2%2Fcomments&post=1256"}],"version-history":[{"count":4,"href":"https:\/\/szentistvan.dnyem.hu\/index.php?rest_route=\/wp\/v2\/posts\/1256\/revisions"}],"predecessor-version":[{"id":1274,"href":"https:\/\/szentistvan.dnyem.hu\/index.php?rest_route=\/wp\/v2\/posts\/1256\/revisions\/1274"}],"wp:attachment":[{"href":"https:\/\/szentistvan.dnyem.hu\/index.php?rest_route=%2Fwp%2Fv2%2Fmedia&parent=1256"}],"wp:term":[{"taxonomy":"category","embeddable":true,"href":"https:\/\/szentistvan.dnyem.hu\/index.php?rest_route=%2Fwp%2Fv2%2Fcategories&post=1256"},{"taxonomy":"post_tag","embeddable":true,"href":"https:\/\/szentistvan.dnyem.hu\/index.php?rest_route=%2Fwp%2Fv2%2Ftags&post=1256"}],"curies":[{"name":"wp","href":"https:\/\/api.w.org\/{rel}","templated":true}]}}