{"id":1249,"date":"2017-02-20T22:06:31","date_gmt":"2017-02-20T20:06:31","guid":{"rendered":"http:\/\/szentistvan.dnyem.hu\/?p=1249"},"modified":"2017-02-20T22:06:31","modified_gmt":"2017-02-20T20:06:31","slug":"gyujtes-a-katolikus-iskolaknak","status":"publish","type":"post","link":"https:\/\/szentistvan.dnyem.hu\/?p=1249","title":{"rendered":"Gy\u0171jt\u00e9s a katolikus iskol\u00e1knak"},"content":{"rendered":"<p>Febru\u00e1r 26-\u00e1n, vas\u00e1rnap perselygy\u0171jt\u00e9st tartunk a katolikus iskol\u00e1knak.<\/p>\n<p>Ennek ismeret\u00e9ben helyezz\u00fck adom\u00e1nyunkat a perselyez\u0151kos\u00e1rba.<\/p>\n<p>A Debrecen-Ny\u00edregyh\u00e1zi Egyh\u00e1zmegye k\u00f6znevel\u00e9si int\u00e9zm\u00e9nyei:<\/p>\n<ul>\n<li>Debrecenben a <a href=\"https:\/\/szjgdebrecen.hu\/\">Szent J\u00f3zsef \u00c1ltal\u00e1nos Iskola, Gimn\u00e1zium, Szakgimn\u00e1zium \u00e9s Koll\u00e9gium<\/a><\/li>\n<li>Egyeken a <a href=\"http:\/\/www.sztjanos.hu\/\">Szent J\u00e1nos Katolikus \u00d3voda, Egys\u00e9ges \u00d3voda-B\u00f6lcs\u0151de, \u00c1ltal\u00e1nos Iskola \u00e9s Alapfok\u00fa M\u0171v\u00e9szeti Iskola<\/a><\/li>\n<li>F\u00fcl\u00f6p\u00f6n a <a href=\"http:\/\/www.magyarkurir.hu\/hirek\/palanki-ferenccel-unnepeltek-fulopi-katolikus-iskola-tanevnyitojat\">N\u00e9ri Szent F\u00fcl\u00f6p Katolikus \u00c1ltal\u00e1nos Iskola<\/a><\/li>\n<li>Geszter\u00e9den a <a href=\"http:\/\/www.dnyem.hu\/index.php\/homepage\/item\/1248-a-geszteredi-iskola-es-ovoda-szent-anna-oltalmaba-kerult-ettol-a-tanevtol\">Szent Anna Katolikus \u00d3voda \u00e9s \u00c1ltal\u00e1nos Iskola<\/a><\/li>\n<li>Kisv\u00e1rd\u00e1n a <a href=\"http:\/\/www.szlki-kisvarda.hu\/\">Szent L\u00e1szl\u00f3 Katolikus Gimn\u00e1zium, Szakgimn\u00e1zium, \u00c1ltal\u00e1nos Iskola, Koll\u00e9gium \u00e9s \u00d3voda<\/a><\/li>\n<li>M\u00e1t\u00e9szalk\u00e1n a <a href=\"http:\/\/www.szechenyimsz.hu\/\">Sz\u00e9chenyi Istv\u00e1n Katolikus \u00e9s N\u00e9met Nemzetis\u00e9gi \u00c1ltal\u00e1nos Iskola<\/a><\/li>\n<li>Ny\u00edrb\u00e1torban a <a href=\"http:\/\/www.bign.sulinet.hu\/\">B\u00e1thory Istv\u00e1n Katolikus \u00c1ltal\u00e1nos Iskola, Gimn\u00e1zium \u00e9s Szakgimn\u00e1zium<\/a><\/li>\n<li>Ny\u00edregyh\u00e1z\u00e1n a <a href=\"http:\/\/szentimre-nyh.hu\/\">Szent Imre Katolikus Gimn\u00e1zium, \u00c1ltal\u00e1nos Iskola, Koll\u00e9gium, \u00d3voda \u00e9s Alapfok\u00fa M\u0171v\u00e9szeti Iskola<\/a><\/li>\n<\/ul>\n","protected":false},"excerpt":{"rendered":"<p>Febru\u00e1r 26-\u00e1n, vas\u00e1rnap perselygy\u0171jt\u00e9st tartunk a katolikus iskol\u00e1knak. Ennek ismeret\u00e9ben helyezz\u00fck adom\u00e1nyunkat a perselyez\u0151kos\u00e1rba. A Debrecen-Ny\u00edregyh\u00e1zi Egyh\u00e1zmegye k\u00f6znevel\u00e9si int\u00e9zm\u00e9nyei: Debrecenben a Szent J\u00f3zsef \u00c1ltal\u00e1nos Iskola,&#8230;<\/p>\n","protected":false},"author":2,"featured_media":0,"comment_status":"closed","ping_status":"open","sticky":false,"template":"","format":"standard","meta":[],"categories":[1,2],"tags":[],"_links":{"self":[{"href":"https:\/\/szentistvan.dnyem.hu\/index.php?rest_route=\/wp\/v2\/posts\/1249"}],"collection":[{"href":"https:\/\/szentistvan.dnyem.hu\/index.php?rest_route=\/wp\/v2\/posts"}],"about":[{"href":"https:\/\/szentistvan.dnyem.hu\/index.php?rest_route=\/wp\/v2\/types\/post"}],"author":[{"embeddable":true,"href":"https:\/\/szentistvan.dnyem.hu\/index.php?rest_route=\/wp\/v2\/users\/2"}],"replies":[{"embeddable":true,"href":"https:\/\/szentistvan.dnyem.hu\/index.php?rest_route=%2Fwp%2Fv2%2Fcomments&post=1249"}],"version-history":[{"count":2,"href":"https:\/\/szentistvan.dnyem.hu\/index.php?rest_route=\/wp\/v2\/posts\/1249\/revisions"}],"predecessor-version":[{"id":1251,"href":"https:\/\/szentistvan.dnyem.hu\/index.php?rest_route=\/wp\/v2\/posts\/1249\/revisions\/1251"}],"wp:attachment":[{"href":"https:\/\/szentistvan.dnyem.hu\/index.php?rest_route=%2Fwp%2Fv2%2Fmedia&parent=1249"}],"wp:term":[{"taxonomy":"category","embeddable":true,"href":"https:\/\/szentistvan.dnyem.hu\/index.php?rest_route=%2Fwp%2Fv2%2Fcategories&post=1249"},{"taxonomy":"post_tag","embeddable":true,"href":"https:\/\/szentistvan.dnyem.hu\/index.php?rest_route=%2Fwp%2Fv2%2Ftags&post=1249"}],"curies":[{"name":"wp","href":"https:\/\/api.w.org\/{rel}","templated":true}]}}