{"id":1247,"date":"2017-02-20T21:21:43","date_gmt":"2017-02-20T19:21:43","guid":{"rendered":"http:\/\/szentistvan.dnyem.hu\/?p=1247"},"modified":"2017-02-20T21:21:43","modified_gmt":"2017-02-20T19:21:43","slug":"maczko-maria-jotekonysagi-estje","status":"publish","type":"post","link":"https:\/\/szentistvan.dnyem.hu\/?p=1247","title":{"rendered":"Maczk\u00f3 M\u00e1ria j\u00f3t\u00e9konys\u00e1gi estje"},"content":{"rendered":"<p><strong>Febru\u00e1r 18-\u00e1n, h\u00e9tf\u0151n 18.00-kor a Svetits Szent Kereszt-k\u00e1poln\u00e1j\u00e1ban<\/strong> a Magyar \u00d6r\u00f6ks\u00e9g- \u00e9s Pr\u00edma-d\u00edjas Maczk\u00f3 M\u00e1ria \u00e9nekm\u0171v\u00e9sz j\u00f3t\u00e9konys\u00e1gi estje.<\/p>\n<p>Hallhatunk gr\u00f3f Wass Albert verseib\u0151l.<\/p>\n<p>A bel\u00e9p\u00e9s d\u00edjtalan.<\/p>\n","protected":false},"excerpt":{"rendered":"<p>Febru\u00e1r 18-\u00e1n, h\u00e9tf\u0151n 18.00-kor a Svetits Szent Kereszt-k\u00e1poln\u00e1j\u00e1ban a Magyar \u00d6r\u00f6ks\u00e9g- \u00e9s Pr\u00edma-d\u00edjas Maczk\u00f3 M\u00e1ria \u00e9nekm\u0171v\u00e9sz j\u00f3t\u00e9konys\u00e1gi estje. Hallhatunk gr\u00f3f Wass Albert verseib\u0151l. A bel\u00e9p\u00e9s&#8230;<\/p>\n","protected":false},"author":2,"featured_media":0,"comment_status":"closed","ping_status":"open","sticky":false,"template":"","format":"standard","meta":[],"categories":[2],"tags":[],"_links":{"self":[{"href":"https:\/\/szentistvan.dnyem.hu\/index.php?rest_route=\/wp\/v2\/posts\/1247"}],"collection":[{"href":"https:\/\/szentistvan.dnyem.hu\/index.php?rest_route=\/wp\/v2\/posts"}],"about":[{"href":"https:\/\/szentistvan.dnyem.hu\/index.php?rest_route=\/wp\/v2\/types\/post"}],"author":[{"embeddable":true,"href":"https:\/\/szentistvan.dnyem.hu\/index.php?rest_route=\/wp\/v2\/users\/2"}],"replies":[{"embeddable":true,"href":"https:\/\/szentistvan.dnyem.hu\/index.php?rest_route=%2Fwp%2Fv2%2Fcomments&post=1247"}],"version-history":[{"count":1,"href":"https:\/\/szentistvan.dnyem.hu\/index.php?rest_route=\/wp\/v2\/posts\/1247\/revisions"}],"predecessor-version":[{"id":1248,"href":"https:\/\/szentistvan.dnyem.hu\/index.php?rest_route=\/wp\/v2\/posts\/1247\/revisions\/1248"}],"wp:attachment":[{"href":"https:\/\/szentistvan.dnyem.hu\/index.php?rest_route=%2Fwp%2Fv2%2Fmedia&parent=1247"}],"wp:term":[{"taxonomy":"category","embeddable":true,"href":"https:\/\/szentistvan.dnyem.hu\/index.php?rest_route=%2Fwp%2Fv2%2Fcategories&post=1247"},{"taxonomy":"post_tag","embeddable":true,"href":"https:\/\/szentistvan.dnyem.hu\/index.php?rest_route=%2Fwp%2Fv2%2Ftags&post=1247"}],"curies":[{"name":"wp","href":"https:\/\/api.w.org\/{rel}","templated":true}]}}