{"id":1240,"date":"2017-02-13T12:03:58","date_gmt":"2017-02-13T10:03:58","guid":{"rendered":"http:\/\/szentistvan.dnyem.hu\/?p=1240"},"modified":"2017-03-18T15:55:07","modified_gmt":"2017-03-18T13:55:07","slug":"ado-11-a","status":"publish","type":"post","link":"https:\/\/szentistvan.dnyem.hu\/?p=1240","title":{"rendered":"Ad\u00f3 1+1%-a"},"content":{"rendered":"<p>H\u00e1l\u00e1s k\u00f6sz\u00f6net illeti azokat az ad\u00f3fizet\u0151 katolikusokat, akik tavaly ad\u00f3juk 1%-nak felaj\u00e1nl\u00e1s\u00e1val t\u00e1mogatt\u00e1k a Magyar Katolikus Egyh\u00e1zat \u00e9s a Debreceni Szent Istv\u00e1n Egyh\u00e1zk\u00f6zs\u00e9g\u00e9rt Alap\u00edtv\u00e1nyt. K\u00e9rem a testv\u00e9reket, hogy ad\u00f3juk 1-1 %-\u00e1val 2017-ben is t\u00e1mogass\u00e1k a Magyar Katolikus Egyh\u00e1zat \u00e9s a Debreceni Szent Istv\u00e1n Egyh\u00e1zk\u00f6zs\u00e9g\u00e9rt Alap\u00edtv\u00e1nyt.<\/p>\n<p><strong>Az 1%-r\u00f3l rendelkez\u0151 nyilatkozathoz sz\u00fcks\u00e9ges adatok:<\/strong><\/p>\n<p><strong>\u2014\u00a0\u00a0\u00a0 Magyar Katolikus Egyh\u00e1z (technikai sz\u00e1ma): 0011<\/strong><\/p>\n<p><strong>\u2014\u00a0\u00a0\u00a0 Debreceni Szent Istv\u00e1n Egyh\u00e1zk\u00f6zs\u00e9g\u00e9rt Alap\u00edtv\u00e1ny (ad\u00f3sz\u00e1ma): 18549971 \u2013 1 \u2013 09<\/strong><\/p>\n","protected":false},"excerpt":{"rendered":"<p>H\u00e1l\u00e1s k\u00f6sz\u00f6net illeti azokat az ad\u00f3fizet\u0151 katolikusokat, akik tavaly ad\u00f3juk 1%-nak felaj\u00e1nl\u00e1s\u00e1val t\u00e1mogatt\u00e1k a Magyar Katolikus Egyh\u00e1zat \u00e9s a Debreceni Szent Istv\u00e1n Egyh\u00e1zk\u00f6zs\u00e9g\u00e9rt Alap\u00edtv\u00e1nyt. K\u00e9rem&#8230;<\/p>\n","protected":false},"author":2,"featured_media":0,"comment_status":"closed","ping_status":"open","sticky":false,"template":"","format":"standard","meta":[],"categories":[1],"tags":[],"_links":{"self":[{"href":"https:\/\/szentistvan.dnyem.hu\/index.php?rest_route=\/wp\/v2\/posts\/1240"}],"collection":[{"href":"https:\/\/szentistvan.dnyem.hu\/index.php?rest_route=\/wp\/v2\/posts"}],"about":[{"href":"https:\/\/szentistvan.dnyem.hu\/index.php?rest_route=\/wp\/v2\/types\/post"}],"author":[{"embeddable":true,"href":"https:\/\/szentistvan.dnyem.hu\/index.php?rest_route=\/wp\/v2\/users\/2"}],"replies":[{"embeddable":true,"href":"https:\/\/szentistvan.dnyem.hu\/index.php?rest_route=%2Fwp%2Fv2%2Fcomments&post=1240"}],"version-history":[{"count":3,"href":"https:\/\/szentistvan.dnyem.hu\/index.php?rest_route=\/wp\/v2\/posts\/1240\/revisions"}],"predecessor-version":[{"id":1301,"href":"https:\/\/szentistvan.dnyem.hu\/index.php?rest_route=\/wp\/v2\/posts\/1240\/revisions\/1301"}],"wp:attachment":[{"href":"https:\/\/szentistvan.dnyem.hu\/index.php?rest_route=%2Fwp%2Fv2%2Fmedia&parent=1240"}],"wp:term":[{"taxonomy":"category","embeddable":true,"href":"https:\/\/szentistvan.dnyem.hu\/index.php?rest_route=%2Fwp%2Fv2%2Fcategories&post=1240"},{"taxonomy":"post_tag","embeddable":true,"href":"https:\/\/szentistvan.dnyem.hu\/index.php?rest_route=%2Fwp%2Fv2%2Ftags&post=1240"}],"curies":[{"name":"wp","href":"https:\/\/api.w.org\/{rel}","templated":true}]}}