{"id":1232,"date":"2017-02-04T22:56:46","date_gmt":"2017-02-04T20:56:46","guid":{"rendered":"http:\/\/szentistvan.dnyem.hu\/?p=1232"},"modified":"2017-02-04T22:56:46","modified_gmt":"2017-02-04T20:56:46","slug":"betegek-vilagnapja-2","status":"publish","type":"post","link":"https:\/\/szentistvan.dnyem.hu\/?p=1232","title":{"rendered":"Betegek Vil\u00e1gnapja"},"content":{"rendered":"<p>A Betegek Vil\u00e1gnapja (febru\u00e1r 11.) j\u00f3 alkalom arra, hogy megk\u00f6sz\u00f6nj\u00fck az eg\u00e9szs\u00e9g\u00fcgyben f\u00e1radoz\u00f3k odaad\u00f3 helyt\u00e1ll\u00e1s\u00e1t.<\/p>\n","protected":false},"excerpt":{"rendered":"<p>A Betegek Vil\u00e1gnapja (febru\u00e1r 11.) j\u00f3 alkalom arra, hogy megk\u00f6sz\u00f6nj\u00fck az eg\u00e9szs\u00e9g\u00fcgyben f\u00e1radoz\u00f3k odaad\u00f3 helyt\u00e1ll\u00e1s\u00e1t.<\/p>\n","protected":false},"author":2,"featured_media":0,"comment_status":"closed","ping_status":"open","sticky":false,"template":"","format":"standard","meta":[],"categories":[1],"tags":[],"_links":{"self":[{"href":"https:\/\/szentistvan.dnyem.hu\/index.php?rest_route=\/wp\/v2\/posts\/1232"}],"collection":[{"href":"https:\/\/szentistvan.dnyem.hu\/index.php?rest_route=\/wp\/v2\/posts"}],"about":[{"href":"https:\/\/szentistvan.dnyem.hu\/index.php?rest_route=\/wp\/v2\/types\/post"}],"author":[{"embeddable":true,"href":"https:\/\/szentistvan.dnyem.hu\/index.php?rest_route=\/wp\/v2\/users\/2"}],"replies":[{"embeddable":true,"href":"https:\/\/szentistvan.dnyem.hu\/index.php?rest_route=%2Fwp%2Fv2%2Fcomments&post=1232"}],"version-history":[{"count":1,"href":"https:\/\/szentistvan.dnyem.hu\/index.php?rest_route=\/wp\/v2\/posts\/1232\/revisions"}],"predecessor-version":[{"id":1233,"href":"https:\/\/szentistvan.dnyem.hu\/index.php?rest_route=\/wp\/v2\/posts\/1232\/revisions\/1233"}],"wp:attachment":[{"href":"https:\/\/szentistvan.dnyem.hu\/index.php?rest_route=%2Fwp%2Fv2%2Fmedia&parent=1232"}],"wp:term":[{"taxonomy":"category","embeddable":true,"href":"https:\/\/szentistvan.dnyem.hu\/index.php?rest_route=%2Fwp%2Fv2%2Fcategories&post=1232"},{"taxonomy":"post_tag","embeddable":true,"href":"https:\/\/szentistvan.dnyem.hu\/index.php?rest_route=%2Fwp%2Fv2%2Ftags&post=1232"}],"curies":[{"name":"wp","href":"https:\/\/api.w.org\/{rel}","templated":true}]}}