{"id":1229,"date":"2017-02-02T17:41:17","date_gmt":"2017-02-02T15:41:17","guid":{"rendered":"http:\/\/szentistvan.dnyem.hu\/?p=1229"},"modified":"2017-02-13T12:01:23","modified_gmt":"2017-02-13T10:01:23","slug":"hazassag-hete-2","status":"publish","type":"post","link":"https:\/\/szentistvan.dnyem.hu\/?p=1229","title":{"rendered":"H\u00e1zass\u00e1g Hete"},"content":{"rendered":"<p>Az id\u00e9n a H\u00e1zass\u00e1g Hete <strong>febru\u00e1r 12-t\u0151l 19-ig tart.<\/strong><\/p>\n<p>Mott\u00f3ja: VELED KITELJESEDVE<\/p>\n<p>Mi a h\u00e1zass\u00e1g hete?<\/p>\n<p>Richard \u00e9s Maria Kane szorgalmaz\u00e1s\u00e1ra k\u00f6zel k\u00e9t \u00e9vtizede Angli\u00e1b\u00f3l indult el ez a kezdem\u00e9nyez\u00e9s, amely Valentin-nap k\u00f6rny\u00e9k\u00e9n minden \u00e9vben felh\u00edvja a figyelmet a h\u00e1zass\u00e1g, a csal\u00e1d \u00e9rt\u00e9keire \u00e9s fontoss\u00e1g\u00e1ra, valamint hogy seg\u00edts\u00e9get ny\u00fajtson a h\u00e1zass\u00e1gra k\u00e9sz\u00fcl\u0151knek vagy a p\u00e1rkapcsolati probl\u00e9m\u00e1kkal szembes\u00fcl\u0151knek.<\/p>\n<p>A h\u00e1zass\u00e1g hete k\u00f6zponti programjainak f\u0151v\u00e9dn\u00f6ke Herczegh Anita, a k\u00f6zt\u00e1rsas\u00e1gi eln\u00f6k feles\u00e9ge.<\/p>\n","protected":false},"excerpt":{"rendered":"<p>Az id\u00e9n a H\u00e1zass\u00e1g Hete febru\u00e1r 12-t\u0151l 19-ig tart. Mott\u00f3ja: VELED KITELJESEDVE Mi a h\u00e1zass\u00e1g hete? Richard \u00e9s Maria Kane szorgalmaz\u00e1s\u00e1ra k\u00f6zel k\u00e9t \u00e9vtizede Angli\u00e1b\u00f3l&#8230;<\/p>\n","protected":false},"author":2,"featured_media":0,"comment_status":"closed","ping_status":"open","sticky":false,"template":"","format":"standard","meta":[],"categories":[1,2],"tags":[],"_links":{"self":[{"href":"https:\/\/szentistvan.dnyem.hu\/index.php?rest_route=\/wp\/v2\/posts\/1229"}],"collection":[{"href":"https:\/\/szentistvan.dnyem.hu\/index.php?rest_route=\/wp\/v2\/posts"}],"about":[{"href":"https:\/\/szentistvan.dnyem.hu\/index.php?rest_route=\/wp\/v2\/types\/post"}],"author":[{"embeddable":true,"href":"https:\/\/szentistvan.dnyem.hu\/index.php?rest_route=\/wp\/v2\/users\/2"}],"replies":[{"embeddable":true,"href":"https:\/\/szentistvan.dnyem.hu\/index.php?rest_route=%2Fwp%2Fv2%2Fcomments&post=1229"}],"version-history":[{"count":3,"href":"https:\/\/szentistvan.dnyem.hu\/index.php?rest_route=\/wp\/v2\/posts\/1229\/revisions"}],"predecessor-version":[{"id":1239,"href":"https:\/\/szentistvan.dnyem.hu\/index.php?rest_route=\/wp\/v2\/posts\/1229\/revisions\/1239"}],"wp:attachment":[{"href":"https:\/\/szentistvan.dnyem.hu\/index.php?rest_route=%2Fwp%2Fv2%2Fmedia&parent=1229"}],"wp:term":[{"taxonomy":"category","embeddable":true,"href":"https:\/\/szentistvan.dnyem.hu\/index.php?rest_route=%2Fwp%2Fv2%2Fcategories&post=1229"},{"taxonomy":"post_tag","embeddable":true,"href":"https:\/\/szentistvan.dnyem.hu\/index.php?rest_route=%2Fwp%2Fv2%2Ftags&post=1229"}],"curies":[{"name":"wp","href":"https:\/\/api.w.org\/{rel}","templated":true}]}}