{"id":1220,"date":"2017-01-23T11:53:06","date_gmt":"2017-01-23T09:53:06","guid":{"rendered":"http:\/\/szentistvan.dnyem.hu\/?p=1220"},"modified":"2017-01-23T11:53:06","modified_gmt":"2017-01-23T09:53:06","slug":"bekapcsolodas-a-karitasz-csoport-munkajaba","status":"publish","type":"post","link":"https:\/\/szentistvan.dnyem.hu\/?p=1220","title":{"rendered":"Bekapcsol\u00f3d\u00e1s a Karit\u00e1sz-csoport munk\u00e1j\u00e1ba"},"content":{"rendered":"<p>Akik sz\u00edvesen bekapcsol\u00f3dn\u00e1nak Karit\u00e1sz-csoport munk\u00e1j\u00e1ba vagy feladatk\u00f6r\u00e9vel szeretn\u00e9nek megismerkedni, ebb\u00e9li sz\u00e1nd\u00e9kukat jelezz\u00e9k nekem, \u00e9s r\u00e9sz\u00fckre megszervez\u00fcnk egy karit\u00e1sz-munk\u00e1t ismertet\u0151 megbesz\u00e9l\u00e9st.<\/p>\n","protected":false},"excerpt":{"rendered":"<p>Akik sz\u00edvesen bekapcsol\u00f3dn\u00e1nak Karit\u00e1sz-csoport munk\u00e1j\u00e1ba vagy feladatk\u00f6r\u00e9vel szeretn\u00e9nek megismerkedni, ebb\u00e9li sz\u00e1nd\u00e9kukat jelezz\u00e9k nekem, \u00e9s r\u00e9sz\u00fckre megszervez\u00fcnk egy karit\u00e1sz-munk\u00e1t ismertet\u0151 megbesz\u00e9l\u00e9st.<\/p>\n","protected":false},"author":2,"featured_media":0,"comment_status":"closed","ping_status":"open","sticky":false,"template":"","format":"standard","meta":[],"categories":[1,7,2],"tags":[],"_links":{"self":[{"href":"https:\/\/szentistvan.dnyem.hu\/index.php?rest_route=\/wp\/v2\/posts\/1220"}],"collection":[{"href":"https:\/\/szentistvan.dnyem.hu\/index.php?rest_route=\/wp\/v2\/posts"}],"about":[{"href":"https:\/\/szentistvan.dnyem.hu\/index.php?rest_route=\/wp\/v2\/types\/post"}],"author":[{"embeddable":true,"href":"https:\/\/szentistvan.dnyem.hu\/index.php?rest_route=\/wp\/v2\/users\/2"}],"replies":[{"embeddable":true,"href":"https:\/\/szentistvan.dnyem.hu\/index.php?rest_route=%2Fwp%2Fv2%2Fcomments&post=1220"}],"version-history":[{"count":1,"href":"https:\/\/szentistvan.dnyem.hu\/index.php?rest_route=\/wp\/v2\/posts\/1220\/revisions"}],"predecessor-version":[{"id":1221,"href":"https:\/\/szentistvan.dnyem.hu\/index.php?rest_route=\/wp\/v2\/posts\/1220\/revisions\/1221"}],"wp:attachment":[{"href":"https:\/\/szentistvan.dnyem.hu\/index.php?rest_route=%2Fwp%2Fv2%2Fmedia&parent=1220"}],"wp:term":[{"taxonomy":"category","embeddable":true,"href":"https:\/\/szentistvan.dnyem.hu\/index.php?rest_route=%2Fwp%2Fv2%2Fcategories&post=1220"},{"taxonomy":"post_tag","embeddable":true,"href":"https:\/\/szentistvan.dnyem.hu\/index.php?rest_route=%2Fwp%2Fv2%2Ftags&post=1220"}],"curies":[{"name":"wp","href":"https:\/\/api.w.org\/{rel}","templated":true}]}}