{"id":1218,"date":"2017-01-23T11:50:32","date_gmt":"2017-01-23T09:50:32","guid":{"rendered":"http:\/\/szentistvan.dnyem.hu\/?p=1218"},"modified":"2017-01-23T11:50:32","modified_gmt":"2017-01-23T09:50:32","slug":"okumenikus-imaora-2","status":"publish","type":"post","link":"https:\/\/szentistvan.dnyem.hu\/?p=1218","title":{"rendered":"\u00d6kumenikus ima\u00f3ra"},"content":{"rendered":"<p>Egyh\u00e1zk\u00f6zs\u00e9g\u00fcnk \u00f6kumenikus ima\u00f3r\u00e1t tart a<\/p>\n<p><strong>Kom\u00e1romi Csipk\u00e9s Gy\u00f6rgy t\u00e9ri reform\u00e1tus gy\u00fclekezettel<\/strong><\/p>\n<p><strong>janu\u00e1r 26-\u00e1n, cs\u00fct\u00f6rt\u00f6k\u00f6n 18.00-t\u00f3l n\u00e1lunk<\/strong>, amelyen <strong>ig\u00e9t hirdet Nagy G\u00e1bor reform\u00e1tus lelkip\u00e1sztor<\/strong>,<\/p>\n<p><strong>\u00e9s janu\u00e1r 27-\u00e9n, p\u00e9nteken 18.00-t\u00f3l a reform\u00e1tus templomban<\/strong>, ahol \u00e9n pr\u00e9dik\u00e1lok.<\/p>\n<p>A p\u00e9nteki ima\u00f3r\u00e1t k\u00f6vet\u0151en lesz <strong>a reform\u00e1tus par\u00f3ki\u00e1n az agap\u00e9<\/strong>, amelyre a kedves testv\u00e9rek hozz\u00e1j\u00e1rul\u00e1sukat az ima\u00f3ra kezd\u00e9s\u00e9ig vihetik be. Mindenki megh\u00edvott a k\u00f6z\u00f6s im\u00e1ds\u00e1gra.<\/p>\n","protected":false},"excerpt":{"rendered":"<p>Egyh\u00e1zk\u00f6zs\u00e9g\u00fcnk \u00f6kumenikus ima\u00f3r\u00e1t tart a Kom\u00e1romi Csipk\u00e9s Gy\u00f6rgy t\u00e9ri reform\u00e1tus gy\u00fclekezettel janu\u00e1r 26-\u00e1n, cs\u00fct\u00f6rt\u00f6k\u00f6n 18.00-t\u00f3l n\u00e1lunk, amelyen ig\u00e9t hirdet Nagy G\u00e1bor reform\u00e1tus lelkip\u00e1sztor, \u00e9s janu\u00e1r&#8230;<\/p>\n","protected":false},"author":2,"featured_media":0,"comment_status":"closed","ping_status":"open","sticky":false,"template":"","format":"standard","meta":[],"categories":[2],"tags":[],"_links":{"self":[{"href":"https:\/\/szentistvan.dnyem.hu\/index.php?rest_route=\/wp\/v2\/posts\/1218"}],"collection":[{"href":"https:\/\/szentistvan.dnyem.hu\/index.php?rest_route=\/wp\/v2\/posts"}],"about":[{"href":"https:\/\/szentistvan.dnyem.hu\/index.php?rest_route=\/wp\/v2\/types\/post"}],"author":[{"embeddable":true,"href":"https:\/\/szentistvan.dnyem.hu\/index.php?rest_route=\/wp\/v2\/users\/2"}],"replies":[{"embeddable":true,"href":"https:\/\/szentistvan.dnyem.hu\/index.php?rest_route=%2Fwp%2Fv2%2Fcomments&post=1218"}],"version-history":[{"count":1,"href":"https:\/\/szentistvan.dnyem.hu\/index.php?rest_route=\/wp\/v2\/posts\/1218\/revisions"}],"predecessor-version":[{"id":1219,"href":"https:\/\/szentistvan.dnyem.hu\/index.php?rest_route=\/wp\/v2\/posts\/1218\/revisions\/1219"}],"wp:attachment":[{"href":"https:\/\/szentistvan.dnyem.hu\/index.php?rest_route=%2Fwp%2Fv2%2Fmedia&parent=1218"}],"wp:term":[{"taxonomy":"category","embeddable":true,"href":"https:\/\/szentistvan.dnyem.hu\/index.php?rest_route=%2Fwp%2Fv2%2Fcategories&post=1218"},{"taxonomy":"post_tag","embeddable":true,"href":"https:\/\/szentistvan.dnyem.hu\/index.php?rest_route=%2Fwp%2Fv2%2Ftags&post=1218"}],"curies":[{"name":"wp","href":"https:\/\/api.w.org\/{rel}","templated":true}]}}