{"id":1202,"date":"2017-01-09T18:32:26","date_gmt":"2017-01-09T16:32:26","guid":{"rendered":"http:\/\/szentistvan.dnyem.hu\/?p=1202"},"modified":"2017-01-09T18:53:57","modified_gmt":"2017-01-09T16:53:57","slug":"elso-fatimai-megjelenes-100-evforduloja","status":"publish","type":"post","link":"https:\/\/szentistvan.dnyem.hu\/?p=1202","title":{"rendered":"Els\u0151 fatimai megjelen\u00e9s 100. \u00e9vfordul\u00f3ja"},"content":{"rendered":"<p><strong>2017. m\u00e1jus 13-\u00e1n<\/strong> lesz Sz\u0171z M\u00e1ria els\u0151 fatimai megjelen\u00e9s\u00e9nek 100. \u00e9vfordul\u00f3ja. A Szepl\u0151telen Sz\u0171z Anya \u201etan\u00edt\u00f3k\u00e9nt bevezette a kis l\u00e1tnokokat a szenth\u00e1roms\u00e1gos szeretet legbens\u0151s\u00e9gesebb ismeret\u00e9be, \u00e9s meg\u00edzleltette vel\u00fck Istent az emberi l\u00e9t legszebb tapasztalatak\u00e9nt\u201d (XVI. Benedek p\u00e1pa).<\/p>\n<p>A fatimai jelen\u00e9sek meghat\u00e1roz\u00f3ak voltak egyh\u00e1zunk \u00e9let\u00e9ben, nemcsak az\u00e1ltal, hogy sz\u00e1mtalan embert meg\u00e9rintettek szerte a vil\u00e1gon, hanem az\u00e1ltal is, hogy szorosan kapcsol\u00f3dnak az evang\u00e9liumi \u00fczenethez, sok katolikus hit\u00e9nek elm\u00e9ly\u00fcl\u00e9s\u00e9hez j\u00e1rultak hozz\u00e1, illetve az\u00e1ltal, hogy a felh\u00edv\u00e1soknak pr\u00f3f\u00e9tai ereje van. Az egyh\u00e1z meger\u0151s\u00edtette, hogy a felh\u00edv\u00e1sok a kereszt\u00e9ny \u00e9let megval\u00f3s\u00edt\u00e1s\u00e1t el\u0151mozd\u00edt\u00f3 hihet\u0151 \u00e9s hiteles aj\u00e1nl\u00e1sok.<\/p>\n<p><strong>Egyh\u00e1zmegy\u00e9nkben a fatimai Sz\u0171z Anya tisztelet\u00e9re \u00e9p\u00fclt templom Ny\u00edregyh\u00e1za-Kertv\u00e1rosban (1996) \u00e9s k\u00e1polna Vasmegyeren (1953). Sz\u0171z M\u00e1ria Szepl\u0151telen Sz\u00edve tisztelet\u00e9re szenteltek templomot Magyon (1958), M\u00e1t\u00e9szalka-R\u00e1czkertben (1994) \u00e9s k\u00e1poln\u00e1t \u00dajken\u00e9zen (1990).<\/strong><\/p>\n<p><a href=\"http:\/\/www.dnyem.hu\/index.php\/homepage\/item\/1365-zarandoklat-fatimaba-2017-oktober-31-november-05\">Zar\u00e1ndoklat lesz Fatim\u00e1ba 2017. okt\u00f3ber 31. \u00e9s november 5. k\u00f6z\u00f6tt<\/a><\/p>\n","protected":false},"excerpt":{"rendered":"<p>2017. m\u00e1jus 13-\u00e1n lesz Sz\u0171z M\u00e1ria els\u0151 fatimai megjelen\u00e9s\u00e9nek 100. \u00e9vfordul\u00f3ja. A Szepl\u0151telen Sz\u0171z Anya \u201etan\u00edt\u00f3k\u00e9nt bevezette a kis l\u00e1tnokokat a szenth\u00e1roms\u00e1gos szeretet legbens\u0151s\u00e9gesebb ismeret\u00e9be,&#8230;<\/p>\n","protected":false},"author":2,"featured_media":0,"comment_status":"closed","ping_status":"open","sticky":false,"template":"","format":"standard","meta":[],"categories":[1,2],"tags":[],"_links":{"self":[{"href":"https:\/\/szentistvan.dnyem.hu\/index.php?rest_route=\/wp\/v2\/posts\/1202"}],"collection":[{"href":"https:\/\/szentistvan.dnyem.hu\/index.php?rest_route=\/wp\/v2\/posts"}],"about":[{"href":"https:\/\/szentistvan.dnyem.hu\/index.php?rest_route=\/wp\/v2\/types\/post"}],"author":[{"embeddable":true,"href":"https:\/\/szentistvan.dnyem.hu\/index.php?rest_route=\/wp\/v2\/users\/2"}],"replies":[{"embeddable":true,"href":"https:\/\/szentistvan.dnyem.hu\/index.php?rest_route=%2Fwp%2Fv2%2Fcomments&post=1202"}],"version-history":[{"count":3,"href":"https:\/\/szentistvan.dnyem.hu\/index.php?rest_route=\/wp\/v2\/posts\/1202\/revisions"}],"predecessor-version":[{"id":1208,"href":"https:\/\/szentistvan.dnyem.hu\/index.php?rest_route=\/wp\/v2\/posts\/1202\/revisions\/1208"}],"wp:attachment":[{"href":"https:\/\/szentistvan.dnyem.hu\/index.php?rest_route=%2Fwp%2Fv2%2Fmedia&parent=1202"}],"wp:term":[{"taxonomy":"category","embeddable":true,"href":"https:\/\/szentistvan.dnyem.hu\/index.php?rest_route=%2Fwp%2Fv2%2Fcategories&post=1202"},{"taxonomy":"post_tag","embeddable":true,"href":"https:\/\/szentistvan.dnyem.hu\/index.php?rest_route=%2Fwp%2Fv2%2Ftags&post=1202"}],"curies":[{"name":"wp","href":"https:\/\/api.w.org\/{rel}","templated":true}]}}