{"id":1200,"date":"2017-01-09T18:30:38","date_gmt":"2017-01-09T16:30:38","guid":{"rendered":"http:\/\/szentistvan.dnyem.hu\/?p=1200"},"modified":"2017-01-09T18:30:38","modified_gmt":"2017-01-09T16:30:38","slug":"szent-laszlo-emlekev","status":"publish","type":"post","link":"https:\/\/szentistvan.dnyem.hu\/?p=1200","title":{"rendered":"Szent L\u00e1szl\u00f3-eml\u00e9k\u00e9v"},"content":{"rendered":"<p>Janu\u00e1r 1-j\u00e9n kezdet\u00e9t vette az \u00e9v v\u00e9g\u00e9ig tart\u00f3 Szent L\u00e1szl\u00f3-eml\u00e9k\u00e9v.<\/p>\n<p>A B\u00e1thory-Bem Hagyom\u00e1ny\u0151rz\u0151 Egyes\u00fclet \u00e9s az Emberi M\u00e9lt\u00f3s\u00e1g Tan\u00e1csa kezdem\u00e9nyez\u00e9s\u00e9re hirdett\u00e9k meg az eml\u00e9k\u00e9vet a <strong>lovagkir\u00e1ly tr\u00f3nra l\u00e9p\u00e9s\u00e9nek 940., a szabolcsi zsinat megtart\u00e1s\u00e1nak 925. \u00e9s szentt\u00e9 avat\u00e1s\u00e1nak 825. \u00e9vfordul\u00f3ja alkalm\u00e1b\u00f3l.<\/strong><\/p>\n<p>T\u00f6bbek k\u00f6z\u00f6tt az\u00e9rt is \u00f6r\u00fclhet\u00fcnk ennek a jubileumnak, mivel <strong>Egyh\u00e1zmegy\u00e9nk v\u00e9d\u0151szentj\u00e9t tisztelhetj\u00fck a lovagkir\u00e1lyban<\/strong>.<\/p>\n<p><strong>A jubileum kiemelked\u0151 esem\u00e9nye lesz j\u00fanius 24-\u00e9n a 11 \u00f3rai szentmise Szabolcs k\u00f6zs\u00e9gben. Erre aut\u00f3buszt ind\u00edtunk a pl\u00e9b\u00e1ni\u00e1r\u00f3l.<\/strong> Aki szeretne r\u00e9szt venni ezen, iratkozzon fel az \u00fajs\u00e1gos asztalon tal\u00e1lhat\u00f3 lapra.<\/p>\n","protected":false},"excerpt":{"rendered":"<p>Janu\u00e1r 1-j\u00e9n kezdet\u00e9t vette az \u00e9v v\u00e9g\u00e9ig tart\u00f3 Szent L\u00e1szl\u00f3-eml\u00e9k\u00e9v. A B\u00e1thory-Bem Hagyom\u00e1ny\u0151rz\u0151 Egyes\u00fclet \u00e9s az Emberi M\u00e9lt\u00f3s\u00e1g Tan\u00e1csa kezdem\u00e9nyez\u00e9s\u00e9re hirdett\u00e9k meg az eml\u00e9k\u00e9vet a&#8230;<\/p>\n","protected":false},"author":2,"featured_media":0,"comment_status":"closed","ping_status":"open","sticky":false,"template":"","format":"standard","meta":[],"categories":[2],"tags":[],"_links":{"self":[{"href":"https:\/\/szentistvan.dnyem.hu\/index.php?rest_route=\/wp\/v2\/posts\/1200"}],"collection":[{"href":"https:\/\/szentistvan.dnyem.hu\/index.php?rest_route=\/wp\/v2\/posts"}],"about":[{"href":"https:\/\/szentistvan.dnyem.hu\/index.php?rest_route=\/wp\/v2\/types\/post"}],"author":[{"embeddable":true,"href":"https:\/\/szentistvan.dnyem.hu\/index.php?rest_route=\/wp\/v2\/users\/2"}],"replies":[{"embeddable":true,"href":"https:\/\/szentistvan.dnyem.hu\/index.php?rest_route=%2Fwp%2Fv2%2Fcomments&post=1200"}],"version-history":[{"count":1,"href":"https:\/\/szentistvan.dnyem.hu\/index.php?rest_route=\/wp\/v2\/posts\/1200\/revisions"}],"predecessor-version":[{"id":1201,"href":"https:\/\/szentistvan.dnyem.hu\/index.php?rest_route=\/wp\/v2\/posts\/1200\/revisions\/1201"}],"wp:attachment":[{"href":"https:\/\/szentistvan.dnyem.hu\/index.php?rest_route=%2Fwp%2Fv2%2Fmedia&parent=1200"}],"wp:term":[{"taxonomy":"category","embeddable":true,"href":"https:\/\/szentistvan.dnyem.hu\/index.php?rest_route=%2Fwp%2Fv2%2Fcategories&post=1200"},{"taxonomy":"post_tag","embeddable":true,"href":"https:\/\/szentistvan.dnyem.hu\/index.php?rest_route=%2Fwp%2Fv2%2Ftags&post=1200"}],"curies":[{"name":"wp","href":"https:\/\/api.w.org\/{rel}","templated":true}]}}